{"id":93903,"date":"2026-04-28T11:03:04","date_gmt":"2026-04-28T12:03:04","guid":{"rendered":"https:\/\/www.verificat.cat\/?p=93903"},"modified":"2026-04-28T11:40:09","modified_gmt":"2026-04-28T12:40:09","slug":"no-es-cierto-que-la-mayoria-de-los-medicos-publicos-de-catalunya-no-tenga-mir-son-un-10","status":"publish","type":"post","link":"https:\/\/www.verificat.cat\/es\/no-es-cierto-que-la-mayoria-de-los-medicos-publicos-de-catalunya-no-tenga-mir-son-un-10\/","title":{"rendered":"No es cierto que la mayor\u00eda de los m\u00e9dicos p\u00fablicos de Catalunya no tenga MIR: son un 10%"},"content":{"rendered":"<figure class=\"wp-block-post-featured-image\"><img decoding=\"async\" width=\"750\" height=\"446\" src=\"https:\/\/www.verificat.cat\/wp-content\/uploads\/2026\/04\/Entrada_CUAP_Manresa.jpeg\" class=\"attachment-post-thumbnail size-post-thumbnail wp-post-image\" alt=\"Entrada CUAP Manresa\" style=\"object-fit:cover;\" srcset=\"https:\/\/www.verificat.cat\/wp-content\/uploads\/2026\/04\/Entrada_CUAP_Manresa.jpeg 750w, https:\/\/www.verificat.cat\/wp-content\/uploads\/2026\/04\/Entrada_CUAP_Manresa-300x178.jpeg 300w\" sizes=\"(max-width: 750px) 100vw, 750px\" \/><\/figure>\n\n<style>html[dir=\"rtl\"] .wpml-language-switcher-block .wpml-ls-dropdown ul li.wp-block-navigation-submenu .wp-block-navigation-submenu__toggle img{margin-left:12px}html[dir=\"rtl\"] .wpml-language-switcher-block .wpml-ls-dropdown ul li.wp-block-navigation-submenu ul.isHorizontal li{text-align:right}html[dir=\"rtl\"] .wpml-language-switcher-block .wpml-ls-dropdown ul li.wp-block-navigation-submenu ul.isHorizontal li a img{margin-left:12px}.wpml-language-switcher-block{display:flex;box-sizing:border-box;width:100% !important}.wpml-language-switcher-block>.wp-block-navigation-item,.wpml-language-switcher-block>.wp-block-navigation-item>div{display:flex;width:100% !important}.wpml-language-switcher-block .wp-block-navigation__container{background:unset !important}.wpml-language-switcher-block .hide-arrow .wp-block-navigation__submenu-icon{display:none}.wpml-language-switcher-block .wpml-ls-dropdown ul li button{padding:0}.wpml-language-switcher-block .wpml-ls-dropdown ul li button+.isHorizontal{min-width:inherit !important}.wpml-language-switcher-block .wpml-ls-dropdown ul li button+.isHorizontal li{width:inherit !important}.wpml-language-switcher-block .wpml-ls-dropdown ul li button+.isHorizontal li a{display:flex;align-items:center;min-width:max-content}.wpml-language-switcher-block .wpml-ls-dropdown ul li.wp-block-navigation-submenu ul.isHorizontal{margin:0;min-width:inherit !important}.wpml-language-switcher-block .wpml-ls-dropdown ul li.wp-block-navigation-submenu ul.isHorizontal li{width:inherit !important;text-align:left}.wpml-language-switcher-block .wpml-ls-dropdown ul li.wp-block-navigation-submenu ul.isHorizontal li a{display:flex;align-items:center;min-width:max-content}.wpml-language-switcher-block ul{list-style-type:none !important;padding:0 !important;width:100%}.wpml-language-switcher-block ul li{margin:0}.wpml-language-switcher-block ul li>a.wp-block-navigation-item__content:focus{outline:1px solid #2F7D92}.wpml-language-switcher-block ul li.is-focused{outline:1px solid #2F7D92}.wpml-language-switcher-block ul.wp-block-navigation__submenu-container{border:inherit !important;background-color:unset !important;min-width:unset !important}.wpml-language-switcher-block ul.wp-block-navigation__submenu-container .wp-block-navigation-item{border-radius:0 !important}.wpml-language-switcher-block ul.wp-block-navigation__submenu-container .wp-block-navigation-item a{display:flex;align-items:center;min-width:max-content;padding:1px}.wpml-language-switcher-block ul.horizontal-list{display:flex;flex-direction:row;align-items:center;justify-content:flex-start;margin:0 !important;gap:1em !important}.wpml-language-switcher-block ul.horizontal-list li{display:inline-block;margin:0;line-height:100%}.wpml-language-switcher-block ul.horizontal-list li a{line-height:100%}.wpml-language-switcher-block ul.center-justify{justify-content:center}.wpml-language-switcher-block ul.center-justify .wp-block-navigation-item{justify-content:center}.wpml-language-switcher-block ul.right-justify{justify-content:right}.wpml-language-switcher-block ul.right-justify .wp-block-navigation-item{justify-content:right}.wpml-language-switcher-block ul.space_between-justify{justify-content:space-between}.wpml-language-switcher-block ul.space_between-justify li>div{white-space:nowrap}.wpml-language-switcher-block .hasHoverColor:hover{color:var(--hover-color) !important}.wpml-language-switcher-block .hasHoverBackgroundColor:hover{background-color:var(--hover-background-color) !important}.wpml-language-switcher-block ul.isHorizontal{padding-left:0;list-style:none}.wpml-language-switcher-block ul.isHorizontal li{display:inline;margin-left:0}.wpml-language-switcher-block ul.isHorizontal li div{display:inline-block}.wpml-language-switcher-block ul.hasSpacing.isHorizontal li:not(:last-child){margin-right:var(--language-spacing) !important}.wpml-language-switcher-block ul.hasSpacing.isVertical li:not(:last-child){margin-bottom:var(--language-spacing) !important}.wpml-language-switcher-block ul.hasSpacing.isVertical .wp-block-navigation-item>div,.wpml-language-switcher-block ul.hasSpacing.isVertical .wp-block-navigation-item>div>a{display:inline-flex;align-items:center}.wpml-language-switcher-block .hasHoverColor:hover{color:var(--hover-color) !important}.wpml-language-switcher-block .hasHoverBackgroundColor:hover{background-color:var(--hover-background-color) !important}.wpml-language-switcher-block .hasFontSize{font-size:var(--font-size) !important}.wpml-language-switcher-block .hasLetterSpacing{letter-spacing:var(--letter-spacing) !important}.wpml-language-switcher-block .hasTextTransform{text-transform:var(--text-transform) !important}.wpml-language-switcher-block .hasFontFamily{font-family:var(--font-family) !important}.wpml-ls-flag{display:inline-block}.wpml-ls-flag-style-btn{border:0px transparent;padding-top:3px !important}.wpml-ls-flag-style-btn.black-bg{background-color:black}.wpml-ls-flag-style-btn.transparent-bg{background-color:transparent}.wpml-ls-control-row{border:solid 1px #949494;border-radius:2px;margin-bottom:8px}.wpml-ls-control-row-with-padding{padding:1px}.wpml-ls-number-control{max-width:100%;width:100%}.wpml-ls-slider-control-alert{margin-top:5px !important}.wpml-ls-slider .ant-slider-track{background-color:#3858E9}.wpml-ls-slider .ant-slider-handle{border:solid 1px black}.wpml-ls-control-blue{color:#2F7D92}.wpml-ls-number-with-unit-select select{color:#2F7D92;font-weight:700}.wpml-ls-control-grey{color:#757575}.wpml-ls-control-bg-grey{background-color:#a6a6a6}.wpml-ls-control-font{font-family:\"SF Pro Text\", sans-serif;font-style:normal;font-weight:400 !important;font-size:13px !important;line-height:140% !important}.wpml-ls-option-btn-col{padding:0.5px}.wpml-ls-no-borders{border:none}.ant-col-8.wpml-ls-option-btn-col{display:inline-flex}.wpml-ls-three-btn-row .wpml-ls-option-btn-wrap{padding-top:8px;padding-bottom:8px;white-space:normal;word-break:break-word}.wpml-ls-three-btn-row .ant-btn-no-height-less-padding{height:unset;padding-right:10px;padding-left:10px}.wpml-ls-full-width{width:100%}.wpml-ls-toggle-control .components-form-toggle.is-checked>.components-form-toggle__track{background-color:#2F7D92;border-color:#2F7D92}.wpml-ls-toggle-control .components-form-toggle.is-checked>.components-form-toggle__thumb{background-color:white}.wpml-ls-toggle-control .components-form-toggle>.components-form-toggle__track{background-color:white;border-color:#373737}.wpml-ls-toggle-control .components-form-toggle>.components-form-toggle__thumb{background-color:#373737}.ant-select-dropdown{min-width:45px !important;max-width:45px !important;width:45px !important}.wpml-ls-color-control{border:1px solid #DDDDDD;border-bottom:0px;padding:10px;box-sizing:border-box}.wpml-ls-color-control.wpml-ls-with-bottom-border{border-bottom:1px solid #DDDDDD}.wpml-ls-color-control .wpml-ls-icon-no-color:hover{cursor:pointer}.wpml-ls-color-control .component-color-indicator{width:25px;height:25px;box-shadow:0px 0px 2px 1px lightgrey}.wpml-ls-color-control .component-color-indicator:hover{cursor:pointer}.wpml-ls-color-control .wpml-ls-color-title{top:3px}.wpml-ls-dimension-control{border-top:solid 1px #e0e0e0}.wpml-ls-dimension-control .components-panel__arrow{visibility:hidden}.wpml-ls-panel-settings-dropdown-container{position:absolute;right:0px}.wpml-ls-icon-link{width:24px;height:24px;top:3px;border-radius:2px}.ant-input-number-handler-wrap{display:none !important}.ant-input-number-input{padding-right:0px !important;padding-left:3px !important}.block-editor-contrast-checker+.block-editor-contrast-checker{display:none}.current-language-item{display:flex;align-items:center;min-height:30px}.current-language-item .wp-block-navigation-item__content>div{display:flex;align-items:center}.wpml-ls-fontLetterCase-control button.components-button.has-icon{margin-right:0 !important;min-width:30px !important;height:30px !important}.wpml-ls-fontLetterSpacing-control div.components-input-control__container{top:4px}[data-wpml='language-item']:first-of-type{margin-top:5px !important}.wpml-ls-dimension-panel .components-panel__arrow{display:none}.wpml-ls-typography-panel .components-panel__arrow{display:none}.wpml-ls-panel-settings-dropdown-container>div>button>span.anticon-more{font-size:large;margin-right:10px}.wpml-ls-panel-settings-dropdown-container>div>button>span.anticon-plus{font-size:medium;margin-right:10px}.wpml-ls-color-panel .wpml-ls-color-panel-wrap button.components-button:focus{outline:2px solid #2F7D92;color:#2F7D92}.wpml-ls-color-panel .wpml-ls-color-panel-wrap button.components-button:hover{color:#2F7D92 !important}.wpml-ls-option-btn-wrap:focus{outline:4px solid #2F7D92}.wpml-ls-option-btn-wrap:hover:not(.wpml-ls-option-btn-wrap[data-selected=\"true\"]){outline:2px solid #2F7D92;color:#2F7D92 !important}.wpml-ls-toggle-control .components-toggle-control__label:hover{color:#2F7D92}.components-input-control__container:hover .components-input-control__backdrop{border-color:#2F7D92 !important}input.components-input-control__input:focus ~ .components-input-control__backdrop{outline:2px solid #2F7D92 !important}.components-toggle-group-control[role=\"radiogroup\"]:hover{border-color:#2F7D92}.components-toggle-group-control[role=\"radiogroup\"] .components-toggle-group-control-option-base[role=\"radio\"]:hover{color:#2F7D92}.components-toggle-group-control[role=\"radiogroup\"] .components-toggle-group-control-option-base[role=\"radio\"]:focus{color:#2F7D92;outline:2px solid #2F7D92}.ant-slider .ant-slider-handle:not(.ant-tooltip-open){background-color:#2F7D92 !important;border-color:#373737}.ant-slider:hover .ant-slider-handle:not(.ant-tooltip-open),.ant-slider .ant-slider-handle:focus{background-color:#373737 !important;border-color:#2F7D92}.wpml-ls-typography-panel .components-panel__body .ant-col{margin-bottom:12px}.wpml-ls-fontSize-control div[aria-label=\"Font size\"]{margin-bottom:12px}.wpml-ls-fontSize-control .wpml-ls-fontLetterSpacing-control{display:grid;place-items:center;align-self:center}\n\n<\/style><div id=\"\" class=\"wpml-language-switcher-block is-layout-flex is-responsive has-child-selected wp-block-navigation language_post\"><div class=\"block-editor-block-list__block wp-block wp-block-navigation-item has-link has-child wp-block-navigation-submenu\"><div id=\"\" class=\"\"><ul class=\"horizontal-list  hasSpacing isHorizontal\" style=\"--language-spacing:16px;flex-wrap:nowrap\" data-is-drop-zone=\"true\"><li class=\"wp-block-navigation-item \" data-wpml=\"language-item\"><div><a class=\"wp-block-navigation-item__content\" data-wpml=\"link\" href=\"https:\/\/www.verificat.cat\/\"><span data-wpml=\"label\" data-wpml-label-type=\"native\" class=\"wp-block-navigation-item__label \">Catal&agrave;<\/span><\/a><\/div><\/li><li class=\"wp-block-navigation-item \" data-wpml=\"current-language-item\"><div><span data-wpml=\"label\" data-wpml-label-type=\"native\" class=\"wp-block-navigation-item__label \">Castellano<\/span><\/div><\/li><li class=\"wp-block-navigation-item \" data-wpml=\"language-item\"><div><a class=\"wp-block-navigation-item__content\" data-wpml=\"link\" href=\"https:\/\/www.verificat.cat\/en\/\"><span data-wpml=\"label\" data-wpml-label-type=\"native\" class=\"wp-block-navigation-item__label \">English<\/span><\/a><\/div><\/li><li class=\"wp-block-navigation-item \" data-wpml=\"language-item\"><div><a class=\"wp-block-navigation-item__content\" data-wpml=\"link\" href=\"https:\/\/www.verificat.cat\/fr\/\"><span data-wpml=\"label\" data-wpml-label-type=\"native\" class=\"wp-block-navigation-item__label \">Fran&ccedil;ais<\/span><\/a><\/div><\/li><\/ul><\/div><\/div><\/div>\n\n\n<div class=\"post_single_data wp-block-post-date\"><time datetime=\"2026-04-28T11:03:04-01:00\">28\/04\/2026<\/time><\/div>\n\n<div class=\"taxonomy-category post_single_category wp-block-post-terms\"><a href=\"https:\/\/www.verificat.cat\/es\/category\/verificaciones\/ciencia-verificaciones\/\" rel=\"tag\">Ciencia<\/a><span class=\"wp-block-post-terms__separator\">, <\/span><a href=\"https:\/\/www.verificat.cat\/es\/category\/verificaciones\/salut-verificaciones\/\" rel=\"tag\">Salud<\/a><span class=\"wp-block-post-terms__separator\">, <\/span><a href=\"https:\/\/www.verificat.cat\/es\/category\/verificaciones\/\" rel=\"tag\">Verificaciones<\/a><\/div>\n\n\n<p>La contrataci\u00f3n de <strong>m\u00e9dicos extranjeros <\/strong>sin Formaci\u00f3n M\u00e9dica Especializada (MIR) ha sido uno de los puntos de mayor debate sobre la situaci\u00f3n actual del <strong>sistema de salud p\u00fablico catal\u00e1n<\/strong>. Tanto en las redes como en el Parlament, prolifera la narrativa de que los extranjeros sin especialidad son mayor\u00eda, que no necesitan acreditar tanta formaci\u00f3n como los espa\u00f1oles para poder trabajar, y que esto ocurre porque los profesionales catalanes <a href=\"https:\/\/www.verificat.cat\/es\/datos-niegan-huida-medicos-extranjero\/\">se trasladan sistem\u00e1ticamente a pa\u00edses donde tienen mejores condiciones laborales<\/a>. <strong>Silvia Orriols<\/strong>, presidenta de Alian\u00e7a Catalana (AC), ha utilizado este discurso en varias ocasiones, como en una intervenci\u00f3n del <a href=\"https:\/\/www.parlament.cat\/document\/dspcp\/437685928.pdf\" target=\"_blank\" rel=\"noreferrer noopener nofollow\">20 de noviembre<\/a> del 2025 al Parlament o en una entrevista a <a href=\"https:\/\/www.rac1.cat\/a-la-carta\/detail\/c7ab36a3-c691-40a4-aaff-b3600085b181\" target=\"_blank\" rel=\"noreferrer noopener nofollow\"><em>El M\u00f3n a RAC1 <\/em>el 22 de septiembre<\/a>, que recientemente han vuelto a circular en las redes, coincidiendo con la publicaci\u00f3n a principios de abril del <a href=\"https:\/\/www.comb.cat\/ca\/comunicacio\/noticies\/balanc-demografic-del-comb-2025\" target=\"_blank\" rel=\"noopener\">balance demogr\u00e1fico <\/a><strong>Colegio de M\u00e9dicos de Barcelona<\/strong>(CoMB) de 2025.<\/p>\n\n\n\n<p>En el clip viral, Orriols defiende que hay \u00ab12.850 m\u00e9dicos extranjeros ejerciendo la profesi\u00f3n sin el MIR [&#8230;] mientras [los catalanes] pagamos una cantidad ingente de impuestos para garantizarnos una sanidad p\u00fablica y de calidad\u00bb. En otra ocasi\u00f3n, durante la entrevista en RAC1 (minuto 15:44), la presidenta de AC defendi\u00f3 que \u00abla mayor\u00eda [de los m\u00e9dicos extranjeros que trabajan en los hospitales catalanes] no tienen el MIR\u00bb, mensaje que a trav\u00e9s de las redes se ha difundido con el lema de que \u00abun 50% de los m\u00e9dicos de Catalunya no tienen la especialidad MIR\u00bb.&nbsp;<\/p>\n\n\n\n<p><strong>La idea de que los m\u00e9dicos sin MIR representan a la mayor\u00eda de los contratados por el sistema p\u00fablico no es cierta.<\/strong> El debate ha resurgido en las \u00faltimas semanas porque el <strong>Colegio de M\u00e9dicos de Barcelona<\/strong> (CoMB) ha publicado recientemente que el 52% de las nuevas colegiaciones de 2025 eran m\u00e9dicos sin formaci\u00f3n especializada reconocida. Sin embargo, esta cifra hace referencia al n\u00famero de nuevos m\u00e9dicos que se colegiaron el a\u00f1o pasado en Barcelona, \u200b\u200brequisito obligatorio para poder ejercer la profesi\u00f3n. Entre el total de colegiados activos de la demarcaci\u00f3n, la proporci\u00f3n cae al 22%. Y en cuanto al sistema de salud p\u00fablico en toda Catalunya, <strong>los m\u00e9dicos que no son especialistas  representan alrededor de un 10%<\/strong>. Esto son alrededor de <strong>3.000<\/strong> de los 31.966 de los m\u00e9dicos que trabajan en el sistema de salud p\u00fablica (SISCAT) a fecha de 13 de enero de 2026, seg\u00fan los datos y estimaciones facilitadas por el Departament de Salut a Verificat.<\/p>\n\n\n\n<blockquote class=\"wp-block-quote yellow is-layout-flow wp-block-quote-is-layout-flow\">\n<p>\u00abEs indecente que tengamos 12.850 m\u00e9dicos extranjeros ejerciendo la profesi\u00f3n sin el MIR [&#8230;] mientras [los catalanes] pagamos una cantidad ingente de impuestos para garantizarnos una sanidad p\u00fablica y de calidad.\u00bb<\/p>\n<cite>S\u00edlvia Orriols, presidenta d&#8217;Alian\u00e7a Catalana<\/cite><\/blockquote>\n\n\n\n<p>La cifra de 12.850 m\u00e9dicos extranjeros que menciona Orriols equivale al 25% de los m\u00e9dicos colegiados en Catalunya, tal y como apuntan los datos del<a href=\"https:\/\/www.idescat.cat\/indicadors\/?id=aec&amp;n=15810\" target=\"_blank\" rel=\"noreferrer noopener nofollow\"> Idescat<\/a> y el <a href=\"https:\/\/www.acn.cat\/new\/51c2cec8-b72e-4997-93a6-291c2bfd6b21\/texts\" target=\"_blank\" rel=\"noreferrer noopener nofollow\">Consejo de Colegios M\u00e9dicos de Catalunya (CCMC)<\/a>, pero esto incluye<strong> tanto especialistas con MIR como no especialistas, trabajadores de los servicios p\u00fablicos y privados, y en activo y jubilados<\/strong>.<\/p>\n\n\n\n<p>Los datos sobre el grado de especializaci\u00f3n de estos profesionales en centros p\u00fablicos no est\u00e1n centralizados, puesto que el sistema de salud p\u00fablica catal\u00e1n funciona a partir de varios proveedores de servicios sanitarios. Por este motivo, las cifras de m\u00e9dicos sin MIR reconocido que aparecen en los medios, portales digitales y mensajes virales parten de datos de colegiaci\u00f3n, que a menudo engloban tanto el sistema p\u00fablico como privado, y m\u00e9dicos en activo como jubilados. A trav\u00e9s de m\u00e1s de una veintena de peticiones de transparencia iniciadas durante el mes de enero, Verificat ha podido obtener los datos de los m\u00e9dicos con especialidad reconocida y sin que trabajan para 18 proveedores de servicios sanitarios p\u00fablicos. De los 18.445 m\u00e9dicos contratados en el servicio p\u00fablico a fecha de 15 de enero que hemos podido analizar, <strong>el 12,05% (2.223) eran m\u00e9dicos sin especialidad reconocidas<\/strong>.<\/p>\n\n\n\n<p>Estos datos representan el <strong>58%<\/strong> de los 31.966 m\u00e9dicos de la salud p\u00fablica catalana, y provienen de proveedores como el <a href=\"https:\/\/ics.gencat.cat\/ca\/inici\" target=\"_blank\" rel=\"noreferrer noopener nofollow\">Instituto Catal\u00e1n de la Salut<\/a>, el <a href=\"https:\/\/www.clinicbarcelona.org\/ca\" target=\"_blank\" rel=\"noreferrer noopener nofollow\">Hospital Cl\u00ednic de Barcelona<\/a>, el <a href=\"https:\/\/www.hospitaldelmar.cat\/ca\/info-corp\/\" target=\"_blank\" rel=\"noopener\">consorcio que gestiona el Hospital del Mar de Barcelona<\/a>, el <a href=\"https:\/\/sem.gencat.cat\/ca\/inici\" target=\"_blank\" rel=\"noopener\">Sistema de Emergencias M\u00e9dicas<\/a> o el <a href=\"https:\/\/www.csdm.cat\/ca\/\" target=\"_blank\" rel=\"noopener\">Consorcio Sanitario del Maresme<\/a> que gestiona el Hospital Universitario de Matar\u00f3, entre otros. Verificat no ha obtenido respuesta, en cambio, para el <a href=\"https:\/\/www.chv.cat\/\" target=\"_blank\" rel=\"noopener\">Consorcio Hospitalario <\/a><a href=\"https:\/\/www.chv.cat\/\" target=\"_blank\" rel=\"noreferrer noopener nofollow\">d<\/a><a href=\"https:\/\/www.chv.cat\/\" target=\"_blank\" rel=\"noopener\">e Vic<\/a>, la empresa p\u00fablica <a href=\"https:\/\/catsalut.gencat.cat\/ca\/coneix-catsalut\/entitats-sector-public-adscrites\/entitats\/empreses-publiques\/gestio-de-serveis-sanitaris\/\" target=\"_blank\" rel=\"noreferrer noopener nofollow\">Gesti\u00f3n de servicios sanitarios<\/a>, y el <a href=\"https:\/\/ico.gencat.cat\/ca\/ico\/centres\/la_xarxa_ico\/\" target=\"_blank\" rel=\"noreferrer noopener nofollow\">Instituto Catal\u00e1n de Oncolog\u00eda<\/a>.<\/p>\n\n\n\n<p>M\u00e1s del 80% de los m\u00e9dicos sin especialidad reconocida est\u00e1n contratados de forma <strong>temporal<\/strong> y principalmente en servicios de<strong>atenci\u00f3n primaria y urgencias<\/strong>. El departament justifica que la contrataci\u00f3n de m\u00e9dicos no especialistas es una medida extraordinaria en aquellos servicios donde existen dificultades para contratar a profesionales, y \u201ccon el objetivo de garantizar el acceso a la atenci\u00f3n m\u00e9dica\u201d. Por su parte, desde la Organizaci\u00f3n M\u00e9dica Colegial de Espa\u00f1a (OMC), alertan en un <a href=\"https:\/\/www.cgcom.es\/sites\/main\/files\/files\/2026-03\/Informe_Juridico_Medicos_sin_especialidad_2026.pdf#page=6\" target=\"_blank\" rel=\"noopener\">informe<\/a> de este mes de marzo sobre la creciente normalizaci\u00f3n de la contrataci\u00f3n de m\u00e9dicos sin t\u00edtulo oficial de especialista para ocupar plazas estructurales.<\/p>\n\n\n\n<p>Ni los datos obtenidos por petici\u00f3n de transparencia, ni los datos facilitados por el departamento, no distinguen por nacionalidad y no permiten saber el porcentaje de m\u00e9dicos extranjeros que tienen especialidad y los que no.&nbsp;<\/p>\n\n\n\n<p>Verificat ha contactado con Alian\u00e7a Catalana para saber la fuente de sus datos, pero en el momento de la publicaci\u00f3n no han respondido.<\/p>\n\n\n\n<h2 class=\"wp-block-heading\"><strong><strong>\u00bfDe d\u00f3nde sale el dato del 50% de m\u00e9dicos sin MIR?<\/strong><\/strong><\/h2>\n\n\n\n<p>Seg\u00fan el <a href=\"https:\/\/www.comb.cat\/ca\/comunicacio\/noticies\/balanc-demografic-del-comb-2025\" target=\"_blank\" rel=\"noreferrer noopener nofollow\">\u00faltimo balance del Colegio de M\u00e9dicos de Barcelona<\/a>,<strong>1.298 de las nuevas universidades<\/strong> (el 52,5%) son m\u00e9dicos que se han incorporado al mercado de trabajo sin disponer de t\u00edtulo de especialista reconocido y sin perspectivas de tenerlo a corto y medio plazo. De ellos, 1.100 colegiados (el 85%) son m\u00e9dicos que cursaron los estudios de Medicina en universidades extranjeras.<\/p>\n\n\n\n<p>En Barcelona, \u200b\u200bel total de m\u00e9dicos sin especialidad reconocida que trabajan en servicios asistenciales tanto p\u00fablicos como privados de la demarcaci\u00f3n son 7.284, el <strong>22,3%<\/strong> <strong>del n\u00famero total de colegiados en edad activa<\/strong> (menores de 66 a\u00f1os). \u00abContribuyen a sostener un sistema de salud que, de hecho, est\u00e1 dise\u00f1ado para funcionar con perfiles de m\u00e9dicos especialistas\u00bb, se\u00f1ala el CoMB en una <a href=\"https:\/\/www.comb.cat\/ca\/comunicacio\/noticies\/balanc-demografic-del-comb-2025#:~:text=ESPECIALITZACI%C3%93%20I%20R%C3%80TIO%20DE%20METGES\" target=\"_blank\" rel=\"noopener\">nota de prensa<\/a>. Desde el departamento de prensa del CoMB remarcan en Verificat que estas cifras incluyen tanto a los m\u00e9dicos que no han obtenido una especialidad, como a aquellos que la han cursado en otros pa\u00edses, pero no la tienen homologada.<\/p>\n\n\n\n<p>Para poder ejercer la profesi\u00f3n m\u00e9dica, el marco legal espa\u00f1ol requiere que los m\u00e9dicos acrediten el t\u00edtulo oficial de Medicina (<a href=\"https:\/\/www.boe.es\/buscar\/act.php?id=BOE-A-2003-21340#:~:text=2.%20El%20ejercicio,los%20colegios%20profesionales.\" target=\"_blank\" rel=\"noreferrer noopener nofollow\">Ley 44\/2003<\/a>) y estar colegiado (<a href=\"https:\/\/www.boe.es\/diario_boe\/txt.php?id=BOE-A-1980-10861\" target=\"_blank\" rel=\"noreferrer noopener nofollow\">Real Decreto 1018\/1980<\/a>). La carencia de especialidad reconocida y homologada no impide, por s\u00ed sola, el ejercicio de la medicina, pero acreditar el t\u00edtulo de especialidad es necesario para poder ocupar plazas de m\u00e9dico especialista, seg\u00fan explica la OMC en el \u201c<a href=\"https:\/\/www.cgcom.es\/sites\/main\/files\/files\/2026-03\/Informe_Juridico_Medicos_sin_especialidad_2026.pdf\" target=\"_blank\" rel=\"noreferrer noopener nofollow\">informe sobre el ejercicio en la sanidad p\u00fablica y privada de m\u00e9dicos sin t\u00edtulo oficial de especialista<\/a>\u00ab. Sin embargo, se\u00f1alan desde la OMC, algunos ejercen funciones equivalentes a estas plazas, formalmente contratados como generalistas o bajo denominaciones que eviten la menci\u00f3n expresa a la especialidad.<\/p>\n\n\n\n<p>El departamento de prensa del Departament de Salut explic\u00f3 este mes de enero a Verificat que \u00abel sistema p\u00fablico de salud presenta, a veces, dificultades para cubrir determinadas especialidades en zonas concretas\u00bb. Justifican que, cuando no es posible contratar a m\u00e9dicos con especialidad mediante incentivos econ\u00f3micos y otras \u201cacciones coordinadas que permitan reducir esta necesidad\u201d, \u201clos proveedores contratan a m\u00e9dicos sin especialidad MIR de manera extraordinaria\u201d.<\/p>\n\n\n\n<p>El informe de la OMC, por su parte, se\u00f1ala que esta praxis es \u00abestructural y ordinaria\u00bb en la sanidad p\u00fablica espa\u00f1ola y \u00abplantea un problema de legalidad administrativa\u00bb, ya que desdibuja los requisitos que establece al desdibujar los requisitos que marca el <a href=\"https:\/\/www.boe.es\/buscar\/act.php?id=BOE-A-2003-23101\" target=\"_blank\" rel=\"noreferrer noopener nofollow\">Estatuto marco del personal estatutario de los servicios de salud<\/a>.<\/p>\n\n\n\n<h2 class=\"wp-block-heading\"><strong><strong>M\u00e9dicos sin MIR con contratos temporales, sobre todo en atenci\u00f3n primaria<\/strong><\/strong><\/h2>\n\n\n\n<p>De los 2.223 m\u00e9dicos sin especialidad reconocida que hemos podido analizar en Verificat, 1.857 est\u00e1n contratados en el sistema p\u00fablico de forma <strong>temporal<\/strong>. Son cuatro de cada cinco (<strong>el 83%<\/strong>), mientras que los contratos de este tipo entre los especialistas son s\u00f3lo el 24% (3.904).<\/p>\n\n\n\n<p>Estos m\u00e9dicos licenciados o graduados en Medicina, debidamente colegiados, que carecen de t\u00edtulo oficial de especialista, ejercen funciones asistenciales estructurales sobre todo en atenci\u00f3n primaria y en determinados servicios hospitalarios, seg\u00fan constata el informe de la OMC.<\/p>\n\n\n\n<p>Los datos analizados por Verificat, si bien representan el 58% del total de contratos del sistema de salud p\u00fablica catal\u00e1n, muestran que los m\u00e9dicos sin formaci\u00f3n especializada reconocida efectivamente trabajan mayoritariamente <strong>en servicios de atenci\u00f3n primaria<\/strong> (1.193, el 54%).<\/p>\n\n\n\n<p>Por detr\u00e1s se encuentran quienes trabajan en servicios de <strong>urgencias y emergencias<\/strong>. Concretamente, en centros de urgencias de atenci\u00f3n primaria (CUAP), con 196 m\u00e9dicos sin especialidad (9%); en servicios de urgencias generales, 180 (el 8%); y en emergencias m\u00e9dicas, 111 (5%).<\/p>\n\n\n\n<div style=\"height:15px\" aria-hidden=\"true\" class=\"wp-block-spacer\"><\/div>\n\n\n\n<div class=\"flourish-embed flourish-chart\" data-src=\"visualisation\/28682633\"><script src=\"https:\/\/public.flourish.studio\/resources\/embed.js\"><\/script><noscript><img decoding=\"async\" src=\"https:\/\/public.flourish.studio\/visualisation\/28682633\/thumbnail\" width=\"100%\" alt=\"chart visualization\" \/><\/noscript><\/div>\n\n\n\n<div style=\"height:15px\" aria-hidden=\"true\" class=\"wp-block-spacer\"><\/div>\n\n\n\n<h3 class=\"wp-block-heading\"><strong><strong>El ICS, el mayor proveedor, con un 13% de m\u00e9dicos no especialistas<\/strong><\/strong><\/h3>\n\n\n\n<p>El CatSalut trabaja con varios proveedores de servicios sanitarios, entre ellos el Instituto Catal\u00e1n de la Salud (ICS) es el mayoritario, con centros como el Hospital Universitari Vall d&#8217;Hebron o el Hospital Universitari de Bellvitge. Esta entidad tiene <strong>11.192<\/strong> m\u00e9dicos en plantilla, seg\u00fan los datos a los que ha tenido acceso Verificat, <strong>el 13,38% de ellos, sin especialidad reconocida<\/strong>.<\/p>\n\n\n\n<p>La gran mayor\u00eda de estos profesionales trabajan en <strong>atenci\u00f3n primaria<\/strong> (1.103, el 74%) y, en segundo lugar, a bastante distancia, en centros de <strong>urgencias de atenci\u00f3n primaria<\/strong>(196, 13%).<\/p>\n\n\n\n<p>El 96% de los contratos de los m\u00e9dicos sin especialidad en el ICS son <strong>temporales<\/strong>, seg\u00fan los datos obtenidos, mientras que el 75,74% de los contratos de m\u00e9dicos con especialidad son indefinidos.<\/p>\n\n\n\n<h2 class=\"wp-block-heading\"><strong><strong>Es necesario homologar el t\u00edtulo de Medicina para poder trabajar<\/strong><\/strong><\/h2>\n\n\n\n<p>El proceso de homologaci\u00f3n del Grado en Medicina (requisito indispensable para ejercer junto a la colegiaci\u00f3n) es competencia del Ministerio de Ciencia, Innovaci\u00f3n y Universidades. Seg\u00fan detalla el <a href=\"https:\/\/www.ciencia.gob.es\/Universidades\/validate\/homologacion\/medico.html\" target=\"_blank\" rel=\"noreferrer noopener nofollow\">sitio web del ministerio<\/a>, para que un t\u00edtulo pueda ser homologado, debe cumplir, entre otros, los siguientes requisitos:<\/p>\n\n\n\n<ol class=\"wp-block-list\">\n<li><strong>Criterios de evaluaci\u00f3n acad\u00e9mica<\/strong> seg\u00fan los criterios establecidos para la homologaci\u00f3n en medicina por la <a href=\"https:\/\/www.aneca.es\/documents\/20123\/235730\/report_DEEI_HETE_Resolucion+criterios_Medicina_v2.pdf\/0aad99bc-0505-6a20-2768-6d85bd1a98e1?t=1774428809308\" target=\"_blank\" rel=\"noreferrer noopener nofollow\">Agencia Nacional de Evaluaci\u00f3n de la Calidad y Acreditaci\u00f3n (ANECA)<\/a>. Por ejemplo, acreditar cinco a\u00f1os de estudios y al menos 360 cr\u00e9ditos y un m\u00ednimo de 1.350 horas de pr\u00e1cticas. El grado de medicina en la Universidad de Barcelona tiene una duraci\u00f3n de <a href=\"https:\/\/web.ub.edu\/web\/estudis\/w\/grau-g1046?subjects\" target=\"_blank\" rel=\"noreferrer noopener nofollow\">seis cursos<\/a>, 360 cr\u00e9ditos, y <a href=\"https:\/\/web.ub.edu\/web\/estudis\/w\/grau-g1046?practices\" target=\"_blank\" rel=\"noreferrer noopener nofollow\">600 horas de pr\u00e1cticas curriculares, con la opci\u00f3n de realizar hasta 500 horas m\u00e1s de pr\u00e1cticas extracurriculares<\/a>.<\/li>\n\n\n\n<li>Es necesario que el t\u00edtulo incorpore las<strong> competencias y m\u00f3dulos <\/strong>establecidos en el <a href=\"https:\/\/www.boe.es\/buscar\/doc.php?id=BOE-A-2008-2674\" target=\"_blank\" rel=\"noreferrer noopener nofollow\">Orden ECI\/332\/2008<\/a>.<\/li>\n\n\n\n<li>Es necesario demostrar un<strong> nivel de castellano equivalente al B2<\/strong> salvo que la persona sea nacional de un estado con alguna lengua oficial coincidente con el castellano. Tambi\u00e9n se pueden considerar excepciones si el 75% de la carga horaria del t\u00edtulo se ha cursado en castellano, o la formaci\u00f3n previa al acceso a los estudios se ha realizado en castellano.<\/li>\n<\/ol>\n\n\n\n<ol class=\"wp-block-list\">\n<li><\/li>\n<\/ol>\n\n\n\n<p><\/p>\n","protected":false},"excerpt":{"rendered":"<p>Verificat ha obtenido datos de 18 proveedores de servicios sanitarios p\u00fablicos que desmienten mensajes y narrativas sobre el n\u00famero de m\u00e9dicos extranjeros sin Formaci\u00f3n M\u00e9dica Especializada (MIR) <\/p>\n","protected":false},"author":49,"featured_media":93914,"comment_status":"closed","ping_status":"closed","sticky":false,"template":"","format":"standard","meta":{"inline_featured_image":false,"_kad_blocks_custom_css":"","_kad_blocks_head_custom_js":"","_kad_blocks_body_custom_js":"","_kad_blocks_footer_custom_js":"","footnotes":""},"categories":[265,114,111],"tags":[],"class_list":{"0":"post-93903","1":"post","2":"type-post","3":"status-publish","4":"format-standard","5":"has-post-thumbnail","6":"hentry","7":"category-ciencia-verificaciones","8":"category-salut-verificaciones","9":"category-verificaciones","11":"with-featured-image"},"taxonomy_info":{"category":[{"value":265,"label":"Ciencia"},{"value":114,"label":"Salud"},{"value":111,"label":"Verificaciones"}]},"featured_image_src_large":["https:\/\/www.verificat.cat\/wp-content\/uploads\/2026\/04\/Entrada_CUAP_Manresa.jpeg",750,446,false],"author_info":{"display_name":"Laura","author_link":"https:\/\/www.verificat.cat\/es\/author\/laura\/"},"comment_info":0,"category_info":[{"term_id":265,"name":"Ciencia","slug":"ciencia-verificaciones","term_group":0,"term_taxonomy_id":265,"taxonomy":"category","description":"","parent":111,"count":276,"filter":"raw","cat_ID":265,"category_count":276,"category_description":"","cat_name":"Ciencia","category_nicename":"ciencia-verificaciones","category_parent":111},{"term_id":114,"name":"Salud","slug":"salut-verificaciones","term_group":0,"term_taxonomy_id":114,"taxonomy":"category","description":"","parent":111,"count":367,"filter":"raw","cat_ID":114,"category_count":367,"category_description":"","cat_name":"Salud","category_nicename":"salut-verificaciones","category_parent":111},{"term_id":111,"name":"Verificaciones","slug":"verificaciones","term_group":0,"term_taxonomy_id":111,"taxonomy":"category","description":"","parent":0,"count":1334,"filter":"raw","cat_ID":111,"category_count":1334,"category_description":"","cat_name":"Verificaciones","category_nicename":"verificaciones","category_parent":0}],"tag_info":false,"_links":{"self":[{"href":"https:\/\/www.verificat.cat\/es\/wp-json\/wp\/v2\/posts\/93903","targetHints":{"allow":["GET"]}}],"collection":[{"href":"https:\/\/www.verificat.cat\/es\/wp-json\/wp\/v2\/posts"}],"about":[{"href":"https:\/\/www.verificat.cat\/es\/wp-json\/wp\/v2\/types\/post"}],"author":[{"embeddable":true,"href":"https:\/\/www.verificat.cat\/es\/wp-json\/wp\/v2\/users\/49"}],"replies":[{"embeddable":true,"href":"https:\/\/www.verificat.cat\/es\/wp-json\/wp\/v2\/comments?post=93903"}],"version-history":[{"count":2,"href":"https:\/\/www.verificat.cat\/es\/wp-json\/wp\/v2\/posts\/93903\/revisions"}],"predecessor-version":[{"id":93919,"href":"https:\/\/www.verificat.cat\/es\/wp-json\/wp\/v2\/posts\/93903\/revisions\/93919"}],"wp:featuredmedia":[{"embeddable":true,"href":"https:\/\/www.verificat.cat\/es\/wp-json\/wp\/v2\/media\/93914"}],"wp:attachment":[{"href":"https:\/\/www.verificat.cat\/es\/wp-json\/wp\/v2\/media?parent=93903"}],"wp:term":[{"taxonomy":"category","embeddable":true,"href":"https:\/\/www.verificat.cat\/es\/wp-json\/wp\/v2\/categories?post=93903"},{"taxonomy":"post_tag","embeddable":true,"href":"https:\/\/www.verificat.cat\/es\/wp-json\/wp\/v2\/tags?post=93903"}],"curies":[{"name":"wp","href":"https:\/\/api.w.org\/{rel}","templated":true}]}}