{"id":93854,"date":"2026-04-23T11:18:38","date_gmt":"2026-04-23T12:18:38","guid":{"rendered":"https:\/\/www.verificat.cat\/?p=93854"},"modified":"2026-04-23T11:39:04","modified_gmt":"2026-04-23T12:39:04","slug":"efecto-llamada-ayudas-sociales-regularizacion","status":"publish","type":"post","link":"https:\/\/www.verificat.cat\/es\/efecto-llamada-ayudas-sociales-regularizacion\/","title":{"rendered":"Ni las ayudas sociales ni las regularizaciones generan un \u00abefecto llamada\u00bb: los estudios lo desmienten"},"content":{"rendered":"<figure class=\"wp-block-post-featured-image\"><img decoding=\"async\" width=\"750\" height=\"446\" src=\"https:\/\/www.verificat.cat\/wp-content\/uploads\/2026\/04\/image-3.jpg\" class=\"attachment-post-thumbnail size-post-thumbnail wp-post-image\" alt=\"Un hombre sostuvo una pancarta que dice &quot;Legalizaci\u00f3n para todos&quot; durante una manifestaci\u00f3n de migrantes en Barcelona el 20 de junio de 2020, en conmemoraci\u00f3n del D\u00eda Mundial del Refugiado y exigiendo la regularizaci\u00f3n para los refugiados y migrantes en Espa\u00f1a. Ning\u00fan efecto llamada est\u00e1 motivado por la regularizaci\u00f3n. (Foto de Jos\u00e9 LAGO \/ AFP)\" style=\"object-fit:cover;\" srcset=\"https:\/\/www.verificat.cat\/wp-content\/uploads\/2026\/04\/image-3.jpg 750w, https:\/\/www.verificat.cat\/wp-content\/uploads\/2026\/04\/image-3-300x178.jpg 300w\" sizes=\"(max-width: 750px) 100vw, 750px\" \/><\/figure>\n\n<style>html[dir=\"rtl\"] .wpml-language-switcher-block .wpml-ls-dropdown ul li.wp-block-navigation-submenu .wp-block-navigation-submenu__toggle img{margin-left:12px}html[dir=\"rtl\"] .wpml-language-switcher-block .wpml-ls-dropdown ul li.wp-block-navigation-submenu ul.isHorizontal li{text-align:right}html[dir=\"rtl\"] .wpml-language-switcher-block .wpml-ls-dropdown ul li.wp-block-navigation-submenu ul.isHorizontal li a img{margin-left:12px}.wpml-language-switcher-block{display:flex;box-sizing:border-box;width:100% !important}.wpml-language-switcher-block>.wp-block-navigation-item,.wpml-language-switcher-block>.wp-block-navigation-item>div{display:flex;width:100% !important}.wpml-language-switcher-block .wp-block-navigation__container{background:unset !important}.wpml-language-switcher-block .hide-arrow .wp-block-navigation__submenu-icon{display:none}.wpml-language-switcher-block .wpml-ls-dropdown ul li button{padding:0}.wpml-language-switcher-block .wpml-ls-dropdown ul li button+.isHorizontal{min-width:inherit !important}.wpml-language-switcher-block .wpml-ls-dropdown ul li button+.isHorizontal li{width:inherit !important}.wpml-language-switcher-block .wpml-ls-dropdown ul li button+.isHorizontal li a{display:flex;align-items:center;min-width:max-content}.wpml-language-switcher-block .wpml-ls-dropdown ul li.wp-block-navigation-submenu ul.isHorizontal{margin:0;min-width:inherit !important}.wpml-language-switcher-block .wpml-ls-dropdown ul li.wp-block-navigation-submenu ul.isHorizontal li{width:inherit !important;text-align:left}.wpml-language-switcher-block .wpml-ls-dropdown ul li.wp-block-navigation-submenu ul.isHorizontal li a{display:flex;align-items:center;min-width:max-content}.wpml-language-switcher-block ul{list-style-type:none !important;padding:0 !important;width:100%}.wpml-language-switcher-block ul li{margin:0}.wpml-language-switcher-block ul li>a.wp-block-navigation-item__content:focus{outline:1px solid #2F7D92}.wpml-language-switcher-block ul li.is-focused{outline:1px solid #2F7D92}.wpml-language-switcher-block ul.wp-block-navigation__submenu-container{border:inherit !important;background-color:unset !important;min-width:unset !important}.wpml-language-switcher-block ul.wp-block-navigation__submenu-container .wp-block-navigation-item{border-radius:0 !important}.wpml-language-switcher-block ul.wp-block-navigation__submenu-container .wp-block-navigation-item a{display:flex;align-items:center;min-width:max-content;padding:1px}.wpml-language-switcher-block ul.horizontal-list{display:flex;flex-direction:row;align-items:center;justify-content:flex-start;margin:0 !important;gap:1em !important}.wpml-language-switcher-block ul.horizontal-list li{display:inline-block;margin:0;line-height:100%}.wpml-language-switcher-block ul.horizontal-list li a{line-height:100%}.wpml-language-switcher-block ul.center-justify{justify-content:center}.wpml-language-switcher-block ul.center-justify .wp-block-navigation-item{justify-content:center}.wpml-language-switcher-block ul.right-justify{justify-content:right}.wpml-language-switcher-block ul.right-justify .wp-block-navigation-item{justify-content:right}.wpml-language-switcher-block ul.space_between-justify{justify-content:space-between}.wpml-language-switcher-block ul.space_between-justify li>div{white-space:nowrap}.wpml-language-switcher-block .hasHoverColor:hover{color:var(--hover-color) !important}.wpml-language-switcher-block .hasHoverBackgroundColor:hover{background-color:var(--hover-background-color) !important}.wpml-language-switcher-block ul.isHorizontal{padding-left:0;list-style:none}.wpml-language-switcher-block ul.isHorizontal li{display:inline;margin-left:0}.wpml-language-switcher-block ul.isHorizontal li div{display:inline-block}.wpml-language-switcher-block ul.hasSpacing.isHorizontal li:not(:last-child){margin-right:var(--language-spacing) !important}.wpml-language-switcher-block ul.hasSpacing.isVertical li:not(:last-child){margin-bottom:var(--language-spacing) !important}.wpml-language-switcher-block ul.hasSpacing.isVertical .wp-block-navigation-item>div,.wpml-language-switcher-block ul.hasSpacing.isVertical .wp-block-navigation-item>div>a{display:inline-flex;align-items:center}.wpml-language-switcher-block .hasHoverColor:hover{color:var(--hover-color) !important}.wpml-language-switcher-block .hasHoverBackgroundColor:hover{background-color:var(--hover-background-color) !important}.wpml-language-switcher-block .hasFontSize{font-size:var(--font-size) !important}.wpml-language-switcher-block .hasLetterSpacing{letter-spacing:var(--letter-spacing) !important}.wpml-language-switcher-block .hasTextTransform{text-transform:var(--text-transform) !important}.wpml-language-switcher-block .hasFontFamily{font-family:var(--font-family) !important}.wpml-ls-flag{display:inline-block}.wpml-ls-flag-style-btn{border:0px transparent;padding-top:3px !important}.wpml-ls-flag-style-btn.black-bg{background-color:black}.wpml-ls-flag-style-btn.transparent-bg{background-color:transparent}.wpml-ls-control-row{border:solid 1px #949494;border-radius:2px;margin-bottom:8px}.wpml-ls-control-row-with-padding{padding:1px}.wpml-ls-number-control{max-width:100%;width:100%}.wpml-ls-slider-control-alert{margin-top:5px !important}.wpml-ls-slider .ant-slider-track{background-color:#3858E9}.wpml-ls-slider .ant-slider-handle{border:solid 1px black}.wpml-ls-control-blue{color:#2F7D92}.wpml-ls-number-with-unit-select select{color:#2F7D92;font-weight:700}.wpml-ls-control-grey{color:#757575}.wpml-ls-control-bg-grey{background-color:#a6a6a6}.wpml-ls-control-font{font-family:\"SF Pro Text\", sans-serif;font-style:normal;font-weight:400 !important;font-size:13px !important;line-height:140% !important}.wpml-ls-option-btn-col{padding:0.5px}.wpml-ls-no-borders{border:none}.ant-col-8.wpml-ls-option-btn-col{display:inline-flex}.wpml-ls-three-btn-row .wpml-ls-option-btn-wrap{padding-top:8px;padding-bottom:8px;white-space:normal;word-break:break-word}.wpml-ls-three-btn-row .ant-btn-no-height-less-padding{height:unset;padding-right:10px;padding-left:10px}.wpml-ls-full-width{width:100%}.wpml-ls-toggle-control .components-form-toggle.is-checked>.components-form-toggle__track{background-color:#2F7D92;border-color:#2F7D92}.wpml-ls-toggle-control .components-form-toggle.is-checked>.components-form-toggle__thumb{background-color:white}.wpml-ls-toggle-control .components-form-toggle>.components-form-toggle__track{background-color:white;border-color:#373737}.wpml-ls-toggle-control .components-form-toggle>.components-form-toggle__thumb{background-color:#373737}.ant-select-dropdown{min-width:45px !important;max-width:45px !important;width:45px !important}.wpml-ls-color-control{border:1px solid #DDDDDD;border-bottom:0px;padding:10px;box-sizing:border-box}.wpml-ls-color-control.wpml-ls-with-bottom-border{border-bottom:1px solid #DDDDDD}.wpml-ls-color-control .wpml-ls-icon-no-color:hover{cursor:pointer}.wpml-ls-color-control .component-color-indicator{width:25px;height:25px;box-shadow:0px 0px 2px 1px lightgrey}.wpml-ls-color-control .component-color-indicator:hover{cursor:pointer}.wpml-ls-color-control .wpml-ls-color-title{top:3px}.wpml-ls-dimension-control{border-top:solid 1px #e0e0e0}.wpml-ls-dimension-control .components-panel__arrow{visibility:hidden}.wpml-ls-panel-settings-dropdown-container{position:absolute;right:0px}.wpml-ls-icon-link{width:24px;height:24px;top:3px;border-radius:2px}.ant-input-number-handler-wrap{display:none !important}.ant-input-number-input{padding-right:0px !important;padding-left:3px !important}.block-editor-contrast-checker+.block-editor-contrast-checker{display:none}.current-language-item{display:flex;align-items:center;min-height:30px}.current-language-item .wp-block-navigation-item__content>div{display:flex;align-items:center}.wpml-ls-fontLetterCase-control button.components-button.has-icon{margin-right:0 !important;min-width:30px !important;height:30px !important}.wpml-ls-fontLetterSpacing-control div.components-input-control__container{top:4px}[data-wpml='language-item']:first-of-type{margin-top:5px !important}.wpml-ls-dimension-panel .components-panel__arrow{display:none}.wpml-ls-typography-panel .components-panel__arrow{display:none}.wpml-ls-panel-settings-dropdown-container>div>button>span.anticon-more{font-size:large;margin-right:10px}.wpml-ls-panel-settings-dropdown-container>div>button>span.anticon-plus{font-size:medium;margin-right:10px}.wpml-ls-color-panel .wpml-ls-color-panel-wrap button.components-button:focus{outline:2px solid #2F7D92;color:#2F7D92}.wpml-ls-color-panel .wpml-ls-color-panel-wrap button.components-button:hover{color:#2F7D92 !important}.wpml-ls-option-btn-wrap:focus{outline:4px solid #2F7D92}.wpml-ls-option-btn-wrap:hover:not(.wpml-ls-option-btn-wrap[data-selected=\"true\"]){outline:2px solid #2F7D92;color:#2F7D92 !important}.wpml-ls-toggle-control .components-toggle-control__label:hover{color:#2F7D92}.components-input-control__container:hover .components-input-control__backdrop{border-color:#2F7D92 !important}input.components-input-control__input:focus ~ .components-input-control__backdrop{outline:2px solid #2F7D92 !important}.components-toggle-group-control[role=\"radiogroup\"]:hover{border-color:#2F7D92}.components-toggle-group-control[role=\"radiogroup\"] .components-toggle-group-control-option-base[role=\"radio\"]:hover{color:#2F7D92}.components-toggle-group-control[role=\"radiogroup\"] .components-toggle-group-control-option-base[role=\"radio\"]:focus{color:#2F7D92;outline:2px solid #2F7D92}.ant-slider .ant-slider-handle:not(.ant-tooltip-open){background-color:#2F7D92 !important;border-color:#373737}.ant-slider:hover .ant-slider-handle:not(.ant-tooltip-open),.ant-slider .ant-slider-handle:focus{background-color:#373737 !important;border-color:#2F7D92}.wpml-ls-typography-panel .components-panel__body .ant-col{margin-bottom:12px}.wpml-ls-fontSize-control div[aria-label=\"Font size\"]{margin-bottom:12px}.wpml-ls-fontSize-control .wpml-ls-fontLetterSpacing-control{display:grid;place-items:center;align-self:center}\n\n<\/style><div id=\"\" class=\"wpml-language-switcher-block is-layout-flex is-responsive has-child-selected wp-block-navigation language_post\"><div class=\"block-editor-block-list__block wp-block wp-block-navigation-item has-link has-child wp-block-navigation-submenu\"><div id=\"\" class=\"\"><ul class=\"horizontal-list  hasSpacing isHorizontal\" style=\"--language-spacing:16px;flex-wrap:nowrap\" data-is-drop-zone=\"true\"><li class=\"wp-block-navigation-item \" data-wpml=\"language-item\"><div><a class=\"wp-block-navigation-item__content\" data-wpml=\"link\" href=\"https:\/\/www.verificat.cat\/\"><span data-wpml=\"label\" data-wpml-label-type=\"native\" class=\"wp-block-navigation-item__label \">Catal&agrave;<\/span><\/a><\/div><\/li><li class=\"wp-block-navigation-item \" data-wpml=\"current-language-item\"><div><span data-wpml=\"label\" data-wpml-label-type=\"native\" class=\"wp-block-navigation-item__label \">Castellano<\/span><\/div><\/li><li class=\"wp-block-navigation-item \" data-wpml=\"language-item\"><div><a class=\"wp-block-navigation-item__content\" data-wpml=\"link\" href=\"https:\/\/www.verificat.cat\/en\/\"><span data-wpml=\"label\" data-wpml-label-type=\"native\" class=\"wp-block-navigation-item__label \">English<\/span><\/a><\/div><\/li><li class=\"wp-block-navigation-item \" data-wpml=\"language-item\"><div><a class=\"wp-block-navigation-item__content\" data-wpml=\"link\" href=\"https:\/\/www.verificat.cat\/fr\/\"><span data-wpml=\"label\" data-wpml-label-type=\"native\" class=\"wp-block-navigation-item__label \">Fran&ccedil;ais<\/span><\/a><\/div><\/li><\/ul><\/div><\/div><\/div>\n\n\n<div class=\"post_single_data wp-block-post-date\"><time datetime=\"2026-04-23T11:18:38-01:00\">23\/04\/2026<\/time><\/div>\n\n<div class=\"taxonomy-category post_single_category wp-block-post-terms\"><a href=\"https:\/\/www.verificat.cat\/es\/category\/verificaciones\/migracions-verificaciones\/\" rel=\"tag\">Migraciones<\/a><span class=\"wp-block-post-terms__separator\">, <\/span><a href=\"https:\/\/www.verificat.cat\/es\/category\/verificaciones\/\" rel=\"tag\">Verificaciones<\/a><\/div>\n\n<style>.kadence-column93854_4a4ea7-44 > .kt-inside-inner-col,.kadence-column93854_4a4ea7-44 > .kt-inside-inner-col:before{border-top-left-radius:0px;border-top-right-radius:0px;border-bottom-right-radius:0px;border-bottom-left-radius:0px;}.kadence-column93854_4a4ea7-44 > .kt-inside-inner-col{column-gap:var(--global-kb-gap-sm, 1rem);}.kadence-column93854_4a4ea7-44 > .kt-inside-inner-col{flex-direction:column;}.kadence-column93854_4a4ea7-44 > .kt-inside-inner-col > .aligncenter{width:100%;}.kadence-column93854_4a4ea7-44 > .kt-inside-inner-col:before{opacity:0.3;}.kadence-column93854_4a4ea7-44{position:relative;}@media all and (max-width: 1024px){.kadence-column93854_4a4ea7-44 > .kt-inside-inner-col{flex-direction:column;justify-content:center;}}@media all and (max-width: 767px){.kadence-column93854_4a4ea7-44 > .kt-inside-inner-col{flex-direction:column;justify-content:center;}}<\/style>\n<div class=\"wp-block-kadence-column kadence-column93854_4a4ea7-44 box_post_summary\"><div class=\"kt-inside-inner-col\"><style>.kb-row-layout-id93854_61ecd3-82 > .kt-row-column-wrap{align-content:start;}:where(.kb-row-layout-id93854_61ecd3-82 > .kt-row-column-wrap) > .wp-block-kadence-column{justify-content:start;}.kb-row-layout-id93854_61ecd3-82 > .kt-row-column-wrap{column-gap:var(--global-kb-gap-md, 2rem);row-gap:var(--global-kb-gap-md, 2rem);padding-top:0px;padding-bottom:0px;grid-template-columns:repeat(2, minmax(0, 1fr));}.kb-row-layout-id93854_61ecd3-82 > .kt-row-layout-overlay{opacity:0.30;}@media all and (max-width: 1024px){.kb-row-layout-id93854_61ecd3-82 > .kt-row-column-wrap{grid-template-columns:repeat(2, minmax(0, 1fr));}}@media all and (max-width: 767px){.kb-row-layout-id93854_61ecd3-82 > .kt-row-column-wrap{grid-template-columns:minmax(0, 1fr);}}<\/style><div class=\"kb-row-layout-wrap kb-row-layout-id93854_61ecd3-82 alignnone wp-block-kadence-rowlayout\"><div class=\"kt-row-column-wrap kt-has-2-columns kt-row-layout-equal kt-tab-layout-inherit kt-mobile-layout-row kt-row-valign-top\">\n<style>.kadence-column93854_1d2200-3b > .kt-inside-inner-col,.kadence-column93854_1d2200-3b > .kt-inside-inner-col:before{border-top-left-radius:0px;border-top-right-radius:0px;border-bottom-right-radius:0px;border-bottom-left-radius:0px;}.kadence-column93854_1d2200-3b > .kt-inside-inner-col{column-gap:var(--global-kb-gap-sm, 1rem);}.kadence-column93854_1d2200-3b > .kt-inside-inner-col{flex-direction:column;}.kadence-column93854_1d2200-3b > .kt-inside-inner-col > .aligncenter{width:100%;}.kadence-column93854_1d2200-3b > .kt-inside-inner-col:before{opacity:0.3;}.kadence-column93854_1d2200-3b{position:relative;}@media all and (max-width: 1024px){.kadence-column93854_1d2200-3b > .kt-inside-inner-col{flex-direction:column;justify-content:center;}}@media all and (max-width: 767px){.kadence-column93854_1d2200-3b > .kt-inside-inner-col{flex-direction:column;justify-content:center;}}<\/style>\n<div class=\"wp-block-kadence-column kadence-column93854_1d2200-3b\"><div class=\"kt-inside-inner-col\">\n<h3 class=\"wp-block-heading\">\u00bfQu\u00e9 se ha dicho?<\/h3>\n\n\n\n<p>Que las actuales pol\u00edticas sociales con ayudas sociales y la regularizaci\u00f3n extraordinaria est\u00e1n generando un efecto llamada de m\u00e1s migrantes hacia Espa\u00f1a.<\/p>\n<\/div><\/div>\n\n\n<style>.kadence-column93854_0a488e-c3 > .kt-inside-inner-col,.kadence-column93854_0a488e-c3 > .kt-inside-inner-col:before{border-top-left-radius:0px;border-top-right-radius:0px;border-bottom-right-radius:0px;border-bottom-left-radius:0px;}.kadence-column93854_0a488e-c3 > .kt-inside-inner-col{column-gap:var(--global-kb-gap-sm, 1rem);}.kadence-column93854_0a488e-c3 > .kt-inside-inner-col{flex-direction:column;}.kadence-column93854_0a488e-c3 > .kt-inside-inner-col > .aligncenter{width:100%;}.kadence-column93854_0a488e-c3 > .kt-inside-inner-col:before{opacity:0.3;}.kadence-column93854_0a488e-c3{position:relative;}@media all and (max-width: 1024px){.kadence-column93854_0a488e-c3 > .kt-inside-inner-col{flex-direction:column;justify-content:center;}}@media all and (max-width: 767px){.kadence-column93854_0a488e-c3 > .kt-inside-inner-col{flex-direction:column;justify-content:center;}}<\/style>\n<div class=\"wp-block-kadence-column kadence-column93854_0a488e-c3\"><div class=\"kt-inside-inner-col\">\n<h3 class=\"wp-block-heading\">\u00bfQu\u00e9 sabemos?<\/h3>\n\n\n\n<p>Que los estudios cient\u00edficos no avalan la existencia de un efecto llamada por ayudas sociales o por procesos de regularizaci\u00f3n, y que observan que los flujos migratorios var\u00edan en funci\u00f3n del estado de la econom\u00eda.<\/p>\n<\/div><\/div>\n\n<\/div><\/div><\/div><\/div>\n\n\n\n<p>El alcalde de Vic, Albert Castells (Junts), ha asegurado en una entrevista en \u201cEl Mat\u00ed de Catalunya R\u00e0dio\u201d de <em>3Cat <\/em>(<a href=\"https:\/\/www.3cat.cat\/3cat\/albert-castells-en-el-mateix-ple-mhan-dit-fatxa-i-tou\/audio\/1277910\/\" target=\"_blank\" rel=\"noreferrer noopener nofollow\">minuto 21:42<\/a>) que las ayudas sociales generan un \u201cefecto llamada\u201d entre los extranjeros para que quieran venir a vivir al Estado espa\u00f1ol. De manera similar, el alcalde de Figueres, Jordi Masquef, tambi\u00e9n de Junts, atribu\u00eda a principios de abril este \u201cefecto llamada\u201d a pol\u00edticas como las regularizaciones extraordinarias, en una entrevista al <em><a href=\"https:\/\/www.diaridegirona.cat\/alt-emporda\/2026\/04\/06\/jordi-masquef-figueres-regularitzacions-extraordinaries-causen-efecte-crida-128776217.html?utm_campaign=mrf-twitter-DiarideGirona&amp;mrfcid=2026040669d38ab7b5e8267d0638e58c\" target=\"_blank\" rel=\"noreferrer noopener nofollow\">Diari de Girona<\/a><\/em>.<\/p>\n\n\n\n<p>A escala estatal, tambi\u00e9n han pronunciado cr\u00edticas similares el l\u00edder del PP, <a href=\"https:\/\/www.rtve.es\/noticias\/20260416\/gobierno-acusa-pp-hipocresia-con-regularizacion-migrantes-mientras-feijoo-alerta-del-efecto-llamada\/17026438.shtml\" target=\"_blank\" rel=\"noreferrer noopener nofollow\">Alberto N\u00fa\u00f1ez Feij\u00f3o<\/a>, miembros de su partido como la presidenta del Govern Balear, <a href=\"https:\/\/www.europapress.es\/illes-balears\/noticia-prohens-cree-regularizacion-inmigrantes-responde-cuestion-oportunismo-improvisacion-20260420121424.html\" target=\"_blank\" rel=\"noreferrer noopener nofollow\">Marga Prohens<\/a>, o el presidente de Vox, <a href=\"https:\/\/www.voxespana.es\/abascal\/abascal-denuncia-el-efecto-llamada-del-gobierno-con-la-mafia-no-se-negocia-20260310\" target=\"_blank\" rel=\"noreferrer noopener nofollow\">Santiago Abascal<\/a>, y <a href=\"https:\/\/www.europapress.es\/illes-balears\/noticia-vox-acusa-ong-vivir-negocio-inmigracion-pide-romper-convenios-colaboracion-20260420132041.html\" target=\"_blank\" rel=\"noreferrer noopener nofollow\">miembros <\/a>de su <a href=\"https:\/\/www.europapress.es\/epsocial\/migracion\/noticia-vox-acusa-gobierno-ignorar-prioridad-nacional-regularizacion-saiz-dice-no-hace-contra-nadie-20260421180059.html\" target=\"_blank\" rel=\"noreferrer noopener nofollow\">partido<\/a>. De acuerdo con la evidencia cient\u00edfica disponible, es <strong><a href=\"https:\/\/www.verificat.cat\/es\/nosotros\/metodologia-como-funciona-verificat\/#:~:text=Falso,avalan%20la%20afirmaci%C3%B3n.\" target=\"_blank\" rel=\"noreferrer noopener\">FALSO<\/a><\/strong>.<\/p>\n\n\n\n<p>Ning\u00fan estudio demuestra que las regularizaciones extraordinarias de personas migrantes en situaci\u00f3n irregular ni las ayudas sociales afecten a los flujos migratorios hacia Espa\u00f1a. De hecho, <strong>los an\u00e1lisis muestran que los flujos var\u00edan, sobre todo, en funci\u00f3n del ciclo econ\u00f3mico en Espa\u00f1a<\/strong>. Es decir, cuanto mejor va la econom\u00eda espa\u00f1ola, m\u00e1s migrantes llegan, pero no es un \u201cefecto llamada\u201d a ra\u00edz de las ayudas sociales. Tambi\u00e9n apuntan que influyen factores negativos en pa\u00edses de origen, como crisis econ\u00f3micas, desastres naturales o conflictos.<\/p>\n\n\n\n<blockquote class=\"wp-block-quote red is-layout-flow wp-block-quote-is-layout-flow\">\n<p>\u00ab\u00bfPor qu\u00e9 est\u00e1 funcionando el efecto llamada? [&#8230;] El sistema social debe paliar puntualmente la situaci\u00f3n familiar. Cuando se convierte en una situaci\u00f3n en la que desde fuera del sistema percibes m\u00e1s ayudas de la administraci\u00f3n que cuando cotizas en una f\u00e1brica\u2026\u00bb<\/p>\n<cite>Albert Castells, alcalde de Vic<\/cite><\/blockquote>\n\n\n\n<blockquote class=\"wp-block-quote red is-layout-flow wp-block-quote-is-layout-flow\">\n<p>\u00abA veces me parece que determinadas pol\u00edticas o anuncios generan un efecto llamada. [&#8230;] En Espa\u00f1a peri\u00f3dicamente se hacen estas regularizaciones masivas, lo que da m\u00e1s facilidades a la gente que se va de los pa\u00edses de origen.\u00bb<\/p>\n<cite>Jordi Masquef, alcalde de Figueres<\/cite><\/blockquote>\n\n\n\n<p>La cr\u00edtica por el supuesto \u201cefecto llamada\u201d es una <strong>narrativa habitual que retrata a los migrantes como receptores privilegiados de las ayudas sociales,<\/strong> una idea que se ha intensificado con la aprobaci\u00f3n e inicio de la regularizaci\u00f3n de personas extranjeras. En Verificat hemos desmentido anteriormente desinformaci\u00f3n sobre el<a href=\"https:\/\/www.verificat.cat\/es\/verificamos-regularizacion-extraordinaria-migrantes\/\" target=\"_blank\" rel=\"noreferrer noopener\"> n\u00famero de personas que se podr\u00e1 beneficiar<\/a> del procedimiento extraordinario y sobre los <a href=\"https:\/\/www.verificat.cat\/es\/empiezan-los-tramites-presenciales-para-solicitar-la-regularizacion-y-crece-de-nuevo-la-desinformacion\/\" target=\"_blank\" rel=\"noreferrer noopener\">requisitos para acceder a la regularizaci\u00f3n<\/a>.<\/p>\n\n\n\n<h2 class=\"wp-block-heading\">Los estudios y los datos apuntan que las regularizaciones anteriores no han generado un efecto llamada<\/h2>\n\n\n\n<p>Antes de la de este a\u00f1o, en <strong>Espa\u00f1a ha habido seis regularizaciones extraordinarias<\/strong>: tres aprobadas bajo el gobierno de Felipe Gonz\u00e1lez (PSOE) en 1986, 1991 y 1996; dos bajo Jos\u00e9 Mar\u00eda Aznar (PP) en 2000 y 2001; y una bajo Jos\u00e9 Luis Rodr\u00edguez Zapatero (PSOE) en 2005. En total, beneficiaron a 1,25 millones de personas, seg\u00fan <a href=\"https:\/\/www.inclusion.gob.es\/documents\/20121\/0\/Diapositivas+CMIN+Regularizaci%C3%B3n.pdf\/4b847e8c-fbbf-5682-963c-c734026497b9?t=1776164779827#page=11\" target=\"_blank\" rel=\"noreferrer noopener nofollow\">datos <\/a>del Ministerio de Inclusi\u00f3n, Seguridad Social y Migraciones.<\/p>\n\n\n\n<p>Tras las regularizaciones de 2000 y 2001, las llegadas de extranjeros fluctuaron: subieron ligeramente y despu\u00e9s bajaron. En 2006 volvieron a aumentar, y se atribuy\u00f3 a la regularizaci\u00f3n la llamada \u201ccrisis de los cayucos\u201d en Canarias (durante la cual llegaron 39.000 personas a las costas espa\u00f1olas, un 6% del total de extranjeros de ese a\u00f1o, seg\u00fan datos del <a href=\"https:\/\/www.ine.es\/jaxi\/Tabla.htm?path=\/t20\/e245\/p08\/l0\/&amp;file=01006.px&amp;L=0\" target=\"_blank\" rel=\"noreferrer noopener nofollow\">INE<\/a> y el <a href=\"https:\/\/www.defensordelpueblo.es\/wp-content\/uploads\/2021\/03\/INFORME_Canarias.pdf#page=13\" target=\"_blank\" rel=\"noreferrer noopener nofollow\">Defensor del Pueblo<\/a>), pero no se puede establecer una relaci\u00f3n directa entre estos hechos, como hemos <a href=\"https:\/\/www.verificat.cat\/es\/el-efecto-llamada-no-existe-ni-las-regularizaciones-masivas-ni-las-ayudas-sociales-fomentan-la-llegada-de-inmigrantes\/\" target=\"_blank\" rel=\"noreferrer noopener\">explicado anteriormente en Verificat<\/a>.<\/p>\n\n\n\n<p>Un <a href=\"https:\/\/onlinelibrary.wiley.com\/doi\/10.1111\/manc.12099\" target=\"_blank\" rel=\"noreferrer noopener nofollow\">estudio <\/a>de 2015 de la Universidad de Zaragoza concluy\u00f3 que esta \u00faltima regularizaci\u00f3n \u00ab<strong>no tuvo un efecto significativo sobre el porcentaje de poblaci\u00f3n extranjera en Espa\u00f1a<\/strong>\u00ab, y que, en todo caso, el aumento de poblaci\u00f3n extranjera fue el resultado de un proceso \u00abde recuperaci\u00f3n\u00bb. Es decir, alcanz\u00f3 los niveles esperables de inmigraci\u00f3n propios de un \u00abpa\u00eds con caracter\u00edsticas socioecon\u00f3micas similares\u00bb.<\/p>\n\n\n\n<p>Otro <a href=\"https:\/\/www.journals.uchicago.edu\/doi\/epdf\/10.1086\/730122\" target=\"_blank\" rel=\"noreferrer noopener nofollow\">estudio <\/a>de 2025, elaborado por economistas de tres universidades catalanas y publicado en el Journal of Labor Economics, tambi\u00e9n sobre los datos de la regularizaci\u00f3n de 2005, concluye que \u00ab<strong>la pol\u00edtica no condujo a ning\u00fan efecto llamada<\/strong>\u00ab. Aunque confirman un aumento de la poblaci\u00f3n extranjera en 2006, indican que el ritmo fue similar entre los extranjeros de la Uni\u00f3n Europea y los extracomunitarios, a pesar de que quienes se beneficiaron de la medida fueron esencialmente los segundos. Es decir, la regularizaci\u00f3n no provoc\u00f3 cambios significativos en el ritmo de llegadas de personas migrantes.<\/p>\n\n\n\n<p><a href=\"https:\/\/pdi.udc.es\/es\/File\/Pdi\/6N66L\" target=\"_blank\" rel=\"noreferrer noopener nofollow\">Cristina Fern\u00e1ndez<\/a>, investigadora Ram\u00f3n y Cajal en la Universidad de A Coru\u00f1a, <a href=\"https:\/\/www.verificat.cat\/es\/el-efecto-llamada-no-existe-ni-las-regularizaciones-masivas-ni-las-ayudas-sociales-fomentan-la-llegada-de-inmigrantes\/\" target=\"_blank\" rel=\"noreferrer noopener\">se\u00f1ala a Verificat<\/a> que \u00abno tiene demasiado sentido vincular las llegadas con la pol\u00edtica interna espa\u00f1ola\u00bb. Seg\u00fan explica, el <strong>factor clave es la situaci\u00f3n en los pa\u00edses de origen<\/strong>, y en el caso de Canarias en 2006 apunta a factores como la crisis en Senegal, condiciones mar\u00edtimas favorables y el cierre de rutas m\u00e1s cortas hacia Europa por el endurecimiento del control fronterizo en el Mediterr\u00e1neo.<\/p>\n\n\n\n<p>M\u00e1s all\u00e1 de investigar la plausibilidad de un efecto llamada, el estudio de 2025 del Journal of Labor Economics tambi\u00e9n analiz\u00f3 c\u00f3mo influy\u00f3 la regularizaci\u00f3n en el mercado laboral y la econom\u00eda. Observ\u00f3 un aumento de las oportunidades laborales para los migrantes, as\u00ed como un mayor n\u00famero de trabajadores con contrato en este grupo. Sin embargo, registra un aumento del trabajo informal entre trabajadores migrantes y espa\u00f1oles poco cualificados. Finalmente, tambi\u00e9n documenta un incremento en la recaudaci\u00f3n de impuestos de \u201calrededor de 4.000 euros por migrante regularizado, sin encontrar evidencia de un aumento en el gasto p\u00fablico\u201d.<\/p>\n\n\n\n<p>A escala global, tambi\u00e9n coincide un <a href=\"https:\/\/infer-research.eu\/wp-content\/uploads\/2024\/10\/WP2024.14.pdf#page=5\" target=\"_blank\" rel=\"noreferrer noopener nofollow\">estudio preliminar<\/a> (que a\u00fan no ha sido validado por pares) de <a href=\"https:\/\/www.uni-goettingen.de\/en\/681024.html\" target=\"_blank\" rel=\"noreferrer noopener nofollow\">Pa\u00fal Elguezabal<\/a>, investigador de Migraciones en la Universidad de G\u00f6ttingen (Alemania), e <a href=\"https:\/\/www.uni-goettingen.de\/en\/64787.html\" target=\"_blank\" rel=\"noreferrer noopener nofollow\">Inmaculada Mart\u00ednez-Zarzoso<\/a>, doctora en Econom\u00eda y profesora en la Universitat Jaume I. Publicado en International Network for Economic Research, analiz\u00f3 los pa\u00edses de la OCDE de 2024 y concluy\u00f3 que las \u201cregularizaciones no parecen ser un factor de llamada para todos los pa\u00edses de la OCDE en promedio\u201d.<\/p>\n\n\n\n<p>En el grupo de pa\u00edses en el que incluye a Espa\u00f1a, identifica que \u201cla calidad de las instituciones y las capacidades de aplicaci\u00f3n de las normas (como los controles fronterizos) en los pa\u00edses m\u00e1s ricos podr\u00eda compensar un factor de llamada de las pol\u00edticas de regularizaci\u00f3n y explicar por qu\u00e9 no aumenta un flujo de inmigraci\u00f3n futuro\u201d como esperan ciertos pol\u00edticos.<\/p>\n\n\n\n<p>Una <a href=\"https:\/\/picum.org\/wp-content\/uploads\/2025\/12\/The-impact-of-regularisation-measures-on-people-institutions-and-wider-society-EN.pdf#page=35\" target=\"_blank\" rel=\"noreferrer noopener nofollow\">investigaci\u00f3n <\/a>de 2025 de la organizaci\u00f3n de defensa de los derechos humanos en migraci\u00f3n PICUM, explica que \u201cno hay evidencia consistente de que los mecanismos o programas de regularizaci\u00f3n por s\u00ed solos atraigan a personas hacia ciertos pa\u00edses y no hacia otros\u201d. Aclara que \u201caunque la <strong>percepci\u00f3n de los migrantes sobre las pol\u00edticas migratorias influye en su toma de decisiones<\/strong>, los flujos migratorios est\u00e1n principalmente influenciados por oportunidades econ\u00f3micas, redes familiares y sociales, as\u00ed como por las aspiraciones individuales, m\u00e1s que por la existencia de regularizaciones\u201d.<\/p>\n\n\n\n<p>Por otra parte, un <a href=\"https:\/\/irregularmigration.eu\/wp-content\/uploads\/2025\/12\/MIrreM-GuKraler-Examining-the-Pull-Effect-v1-2025.pdf#page=4\" target=\"_blank\" rel=\"noreferrer noopener nofollow\">estudio <\/a>del mismo a\u00f1o dentro del proyecto MIrreM, dirigido por la Universidad for Continuing Education Krems para estudiar los mecanismos de regularizaci\u00f3n en Europa, interpret\u00f3 la afirmaci\u00f3n de que las regularizaciones llevan a un efecto llamada sobre el ejemplo de Irlanda en 2022. El resultado fue nulo, es decir, no da apoyo a esta hip\u00f3tesis, y los investigadores explican que tiene tres posibles interpretaciones: \u201cel efecto llamada no existe, o bien queda enmascarado por choques contempor\u00e1neos, o bien los efectos operan en poblaciones o escalas de tiempo que nuestros datos no pueden capturar\u201d.<\/p>\n\n\n\n<h2 class=\"wp-block-heading\">Los aumentos de llegadas de migrantes est\u00e1n vinculados a un mejor estado de la econom\u00eda<\/h2>\n\n\n\n<p>La migraci\u00f3n en Espa\u00f1a sigue de cerca el ciclo econ\u00f3mico del pa\u00eds: <strong>cuando la econom\u00eda crece, llegan m\u00e1s inmigrantes; cuando empeora, llegan menos<\/strong>, seg\u00fan explica el <a href=\"https:\/\/www.defensordelpueblo.es\/wp-content\/uploads\/2020\/05\/II_Estudios_documentos_de_trabajo_2019.pdf#page=55\" target=\"_blank\" rel=\"noreferrer noopener nofollow\">Informe Anual del Defensor del Pueblo de 2019<\/a>. As\u00ed, podemos observar que las oscilaciones del <a href=\"https:\/\/data.worldbank.org\/indicator\/NY.GDP.MKTP.KD?locations=ES\" target=\"_blank\" rel=\"noreferrer noopener nofollow\">Producto Interior Bruto (PIB) <\/a>de Espa\u00f1a coinciden con las variaciones en la poblaci\u00f3n extranjera que recoge el <a href=\"https:\/\/www.ine.es\/consul\/serie.do?d=true&amp;s=CENSO23235275&amp;c=2&amp;\" target=\"_blank\" rel=\"noreferrer noopener nofollow\">INE<\/a>, donde aparecen migrantes en situaci\u00f3n regular e irregular.<\/p>\n\n\n\n<p>Tambi\u00e9n influye la demanda de empleo, tanto en los pa\u00edses de origen como en los de destino. En la comparaci\u00f3n entre la tasa de paro y los flujos migratorios legales, seg\u00fan un art\u00edculo del <a href=\"https:\/\/www.bde.es\/f\/webbde\/SES\/Secciones\/Publicaciones\/InformesBoletinesRevistas\/BoletinEconomico\/14\/Sep\/Fich\/be1409-art5.pdf\" target=\"_blank\" rel=\"noreferrer noopener nofollow\">Banco de Espa\u00f1a<\/a> de 2014 que establece que \u201clos extranjeros de pa\u00edses donde las tasas de desempleo son m\u00e1s elevadas son quienes tienen una mayor propensi\u00f3n a abandonar su pa\u00eds con destino a Espa\u00f1a\u201d y a\u00f1ade que \u201clos flujos de entrada de extranjeros tienden a ser superiores hacia las regiones con tasas de paro menos elevadas\u201d.<\/p>\n\n\n\n<div style=\"height:10px\" aria-hidden=\"true\" class=\"wp-block-spacer\"><\/div>\n\n\n\n<figure class=\"wp-block-embed is-type-wp-embed is-provider-flourish wp-block-embed-flourish\"><div class=\"wp-block-embed__wrapper\">\n<iframe loading=\"lazy\" class=\"wp-embedded-content\" sandbox=\"allow-scripts\" security=\"restricted\" title=\"Interactive or visual content\" src=\"https:\/\/flo.uri.sh\/visualisation\/28666302\/embed#?secret=KAUkc68Htd\" data-secret=\"KAUkc68Htd\" frameborder=\"0\" scrolling=\"no\" height=\"575\" width=\"700\"><\/iframe>\n<\/div><\/figure>\n\n\n\n<div style=\"height:10px\" aria-hidden=\"true\" class=\"wp-block-spacer\"><\/div>\n\n\n\n<p>En el conjunto de Espa\u00f1a, el Banco de Espa\u00f1a muestra que, cuando sube la tasa de paro, baja la llegada de extranjeros, y viceversa. Coincide una <a href=\"https:\/\/personal.lse.ac.uk\/thielema\/Papers-PDF\/CUP-LSE.pdf#page=23\" target=\"_blank\" rel=\"noreferrer noopener nofollow\">investigaci\u00f3n <\/a>de Eiko R. Thielemann, profesor asociado de Ciencia Pol\u00edtica y Pol\u00edticas P\u00fablicas en la <em>London School of Economics and Political Science, <\/em>que identifica que aquellos pa\u00edses de la OCDE con menor desempleo y m\u00e1s oportunidades de trabajo reciben un mayor n\u00famero de solicitudes de asilo.<\/p>\n\n\n\n<div style=\"height:10px\" aria-hidden=\"true\" class=\"wp-block-spacer\"><\/div>\n\n\n\n<figure class=\"wp-block-embed is-type-wp-embed is-provider-flourish wp-block-embed-flourish\"><div class=\"wp-block-embed__wrapper\">\n<iframe loading=\"lazy\" class=\"wp-embedded-content\" sandbox=\"allow-scripts\" security=\"restricted\" title=\"Interactive or visual content\" src=\"https:\/\/flo.uri.sh\/visualisation\/28666354\/embed#?secret=HgAO1jrETV\" data-secret=\"HgAO1jrETV\" frameborder=\"0\" scrolling=\"no\" height=\"575\" width=\"700\"><\/iframe>\n<\/div><\/figure>\n\n\n\n<div style=\"height:10px\" aria-hidden=\"true\" class=\"wp-block-spacer\"><\/div>\n\n\n\n<h2 class=\"wp-block-heading\">Las medidas de retorno, restricci\u00f3n de movimiento o eliminar ayudas con dinero no han tenido efectos en las solicitudes de asilo<\/h2>\n\n\n\n<p>Una investigaci\u00f3n de 2015 del Overseas Development Institute (Reino Unido) estudi\u00f3 los motivos detr\u00e1s de la decisi\u00f3n de las personas de migrar irregularmente a Europa desde Siria, Afganist\u00e1n, Eritrea, Somalia y Etiop\u00eda. \u201cLos motivos son m\u00faltiples y cambiantes\u201d, explican, y pueden ser \u201cpol\u00edticos, econ\u00f3micos, sociales y ambientales\u201d.<\/p>\n\n\n\n<p>As\u00ed, a la hora de decidir migrar, el estudio coincide en que los migrantes tienen en cuenta factores como un gobierno represivo y la falta de oportunidades econ\u00f3micas, pero tambi\u00e9n el hecho de abandonar familia y amigos para probar suerte en un pa\u00eds desconocido. Tambi\u00e9n ayuda a decidirse a hacer el trayecto, explican, si en el pa\u00eds de origen existe una \u201ccultura de migraci\u00f3n\u201d, es decir, se normaliza y casi se espera que las personas migren para contribuir a su comunidad.<\/p>\n\n\n\n<p>Adem\u00e1s, apunta el estudio, es indispensable tener los medios econ\u00f3micos necesarios para marcharse, as\u00ed como poder acceder a un sistema de transporte disponible y en funcionamiento. \u201cNo son los individuos de las familias m\u00e1s pobres los que migran hacia Europa\u201d, explican, \u201csino aquellos que tienen recursos suficientes para pagar el viaje\u201d. Por ello, el an\u00e1lisis define la migraci\u00f3n como un \u201cesfuerzo colectivo de familias y amigos\u201d, que contribuyen econ\u00f3micamente al trayecto con la esperanza de poder recibir remesas en el futuro.<\/p>\n\n\n\n<p>Finalmente, la investigaci\u00f3n apunta como factor relevante la presencia y profesionalizaci\u00f3n en las redes de mafias y traficantes de migrantes, aunque, como hemos explicado en Les mentides alimenten l\u2019odi, el tr\u00e1fico es \u201cuna reacci\u00f3n a los controles fronterizos, y no la causa de la migraci\u00f3n ilegal\u201d, seg\u00fan constata el soci\u00f3logo Hein de Haas en el libro How Migration Really Works (2023).<\/p>\n\n\n\n<p>La pol\u00edtica de control fronterizo y de asilo del pa\u00eds de destino afectan a la hora de elegirlo como destino, pero, explican, es \u201cpoco probable que influyan en la cantidad de gente que migra\u201d.<\/p>\n\n\n\n<p>De hecho, los investigadores apuntan que diferentes estudios han observado que \u201caumentar las restricciones de la pol\u00edtica de asilo reduce el n\u00famero de solicitudes de asilo, pero tambi\u00e9n aumenta el n\u00famero de personas migrando irregularmente\u201d. Coincide en esta conclusi\u00f3n el estudio de Thielemann, seg\u00fan el cual \u201cno hubo un efecto significativo sobre las solicitudes de asilo\u201d a ra\u00edz de pol\u00edticas de retorno a los considerados pa\u00edses seguros, pol\u00edticas de restricci\u00f3n de movimiento dentro del pa\u00eds de destino o pol\u00edticas de cambiar ayudas sociales en forma de dinero por un sistema de vales.<\/p>\n\n\n\n<h2 class=\"wp-block-heading\">Las ayudas sociales no se dan por nacionalidad<\/h2>\n\n\n\n<p>Los mensajes sobre el efecto llamada suelen ir acompa\u00f1ados de cr\u00edticas al sistema de ayudas sociales. Afirman que las personas migradas, incluso las que se encuentran en situaci\u00f3n administrativa irregular, tienen un privilegio a la hora de recibir ayudas. Las ayudas sociales no se dan por nacionalidad o lugar de nacimiento, de manera que migrar a Espa\u00f1a no es una garant\u00eda autom\u00e1tica para recibir ninguna, como hemos explicado anteriormente en Verificat en el portal Les mentides alimenten l\u2019odi.<\/p>\n\n\n\n<p>Para acceder al Ingreso M\u00ednimo Vital es necesario acreditar al menos un a\u00f1o de residencia en Espa\u00f1a y situaci\u00f3n de vulnerabilidad. En Catalunya, la Renta Garantizada de Ciudadan\u00eda exige residencia y dos a\u00f1os de empadronamiento, y las ayudas al alquiler tambi\u00e9n requieren residir y justificar la necesidad.<\/p>\n\n\n\n<p>Las personas extranjeras con residencia legal tienen acceso a las mismas prestaciones que los espa\u00f1oles, aunque no pueden votar ni acceder a ciertas plazas p\u00fablicas. En cambio, las personas en situaci\u00f3n irregular quedan fuera de la mayor\u00eda de ayudas, pero pueden recibir asistencia humanitaria o solicitar asilo, como explicamos en Les mentides alimenten l\u2019odi.<\/p>\n\n\n\n<p>En cualquier caso, todas las personas tienen derecho a la sanidad, y los menores a la educaci\u00f3n p\u00fablica, siempre que est\u00e9n empadronados, seg\u00fan la ley 4\/2000 sobre los derechos y libertades de los extranjeros en Espa\u00f1a.<\/p>\n\n\n\n<p>Seg\u00fan un estudio de la Fundaci\u00f3n ISEAK, que eval\u00faa el impacto de pol\u00edticas p\u00fablicas, una parte de la poblaci\u00f3n espa\u00f1ola sobreestima la proporci\u00f3n de personas migrantes que reciben ayudas sociales, que en realidad es el 11%.<\/p>\n","protected":false},"excerpt":{"rendered":"<p>Los principales factores que explican los cambios en las migraciones son la situaci\u00f3n de los pa\u00edses de origen, las condiciones de las rutas migratorias y el estado de la econom\u00eda y el mercado laboral del pa\u00eds de destino<\/p>\n","protected":false},"author":48,"featured_media":93853,"comment_status":"closed","ping_status":"closed","sticky":false,"template":"","format":"standard","meta":{"inline_featured_image":false,"_kad_blocks_custom_css":"","_kad_blocks_head_custom_js":"","_kad_blocks_body_custom_js":"","_kad_blocks_footer_custom_js":"","footnotes":""},"categories":[130,111],"tags":[],"class_list":{"0":"post-93854","1":"post","2":"type-post","3":"status-publish","4":"format-standard","5":"has-post-thumbnail","6":"hentry","7":"category-migracions-verificaciones","8":"category-verificaciones","10":"with-featured-image"},"taxonomy_info":{"category":[{"value":130,"label":"Migraciones"},{"value":111,"label":"Verificaciones"}]},"featured_image_src_large":["https:\/\/www.verificat.cat\/wp-content\/uploads\/2026\/04\/image-3.jpg",750,446,false],"author_info":{"display_name":"Ari","author_link":"https:\/\/www.verificat.cat\/es\/author\/ari\/"},"comment_info":0,"category_info":[{"term_id":130,"name":"Migraciones","slug":"migracions-verificaciones","term_group":0,"term_taxonomy_id":130,"taxonomy":"category","description":"","parent":111,"count":151,"filter":"raw","cat_ID":130,"category_count":151,"category_description":"","cat_name":"Migraciones","category_nicename":"migracions-verificaciones","category_parent":111},{"term_id":111,"name":"Verificaciones","slug":"verificaciones","term_group":0,"term_taxonomy_id":111,"taxonomy":"category","description":"","parent":0,"count":1334,"filter":"raw","cat_ID":111,"category_count":1334,"category_description":"","cat_name":"Verificaciones","category_nicename":"verificaciones","category_parent":0}],"tag_info":false,"_links":{"self":[{"href":"https:\/\/www.verificat.cat\/es\/wp-json\/wp\/v2\/posts\/93854","targetHints":{"allow":["GET"]}}],"collection":[{"href":"https:\/\/www.verificat.cat\/es\/wp-json\/wp\/v2\/posts"}],"about":[{"href":"https:\/\/www.verificat.cat\/es\/wp-json\/wp\/v2\/types\/post"}],"author":[{"embeddable":true,"href":"https:\/\/www.verificat.cat\/es\/wp-json\/wp\/v2\/users\/48"}],"replies":[{"embeddable":true,"href":"https:\/\/www.verificat.cat\/es\/wp-json\/wp\/v2\/comments?post=93854"}],"version-history":[{"count":2,"href":"https:\/\/www.verificat.cat\/es\/wp-json\/wp\/v2\/posts\/93854\/revisions"}],"predecessor-version":[{"id":93859,"href":"https:\/\/www.verificat.cat\/es\/wp-json\/wp\/v2\/posts\/93854\/revisions\/93859"}],"wp:featuredmedia":[{"embeddable":true,"href":"https:\/\/www.verificat.cat\/es\/wp-json\/wp\/v2\/media\/93853"}],"wp:attachment":[{"href":"https:\/\/www.verificat.cat\/es\/wp-json\/wp\/v2\/media?parent=93854"}],"wp:term":[{"taxonomy":"category","embeddable":true,"href":"https:\/\/www.verificat.cat\/es\/wp-json\/wp\/v2\/categories?post=93854"},{"taxonomy":"post_tag","embeddable":true,"href":"https:\/\/www.verificat.cat\/es\/wp-json\/wp\/v2\/tags?post=93854"}],"curies":[{"name":"wp","href":"https:\/\/api.w.org\/{rel}","templated":true}]}}