{"id":58977,"date":"2022-02-16T16:50:00","date_gmt":"2022-02-16T16:50:00","guid":{"rendered":"https:\/\/www.verificat.cat\/los-datos-y-la-ley-no-avalan-la-supuesta-islamizacion-de-que-habla-vox\/"},"modified":"2023-10-17T08:12:38","modified_gmt":"2023-10-17T08:12:38","slug":"los-datos-y-la-ley-no-avalan-la-supuesta-islamizacion-de-que-habla-vox","status":"publish","type":"post","link":"https:\/\/www.verificat.cat\/es\/los-datos-y-la-ley-no-avalan-la-supuesta-islamizacion-de-que-habla-vox\/","title":{"rendered":"Los datos y la ley no avalan la supuesta &ldquo;islamizaci&oacute;n&rdquo; de que habla Vox"},"content":{"rendered":"<p><div class=\"article-social\">\n      <div class=\"fc-social\">\n        <div class=\"menu-social\">\n          <a href=\"https:\/\/twitter.com\/intent\/tweet?text=Los datos y la ley no avalan la supuesta \u201cislamizaci\u00f3n\u201d de que habla Vox&amp;url=https:\/\/verificat.cat\/fact-check\/los-datos-y-la-ley-no-avalan-la-supuesta-islamizacion-de-que-habla-vox\" target=\"_blank\" rel=\"noopener\">\n            <img decoding=\"async\" src=\"\/wp-content\/uploads\/2023\/07\/twitter@2x.png\" alt=\"twitter\" target=\"_blank\"  height=\"24\">\n          <\/a>\n          <a title=\"Facebook\" href=\"https:\/\/www.facebook.com\/dialog\/share?app_id=2321917788023696&amp;href=https:\/\/verificat.cat\/fact-check\/los-datos-y-la-ley-no-avalan-la-supuesta-islamizacion-de-que-habla-vox\" target=\"_blank\" rel=\"noopener\">\n            <img decoding=\"async\" src=\"\/wp-content\/uploads\/2023\/07\/facebook@2x.png\" alt=\"facebook\"  height=\"24\">\n          <\/a>\n          <a class=\"mobiletablet\" href=\"whatsapp:\/\/send?text=https:\/\/verificat.cat\/fact-check\/Los datos y la ley no avalan la supuesta \u201cislamizaci\u00f3n\u201d de que habla Vox\" data-action=\"share\/whatsapp\/share\">\n            <img decoding=\"async\" src=\"\/wp-content\/uploads\/2023\/07\/whatsapp@2x.png\" alt=\"whatsapp\"  height=\"24\">\n          <\/a>\n        <\/div>\n      <\/div>\n    <\/div><br \/>\n<img decoding=\"async\" width=\"750\" height=\"446\" src=\"https:\/\/www.verificat.cat\/wp-content\/uploads\/2023\/07\/islam.png\" class=\"attachment-post-thumbnail size-post-thumbnail wp-post-image\" alt=\"\" srcset=\"https:\/\/www.verificat.cat\/wp-content\/uploads\/2023\/07\/islam.png 750w, https:\/\/www.verificat.cat\/wp-content\/uploads\/2023\/07\/islam-300x178.png 300w\" sizes=\"(max-width: 750px) 100vw, 750px\" \/><\/p>\n<div class=\"article-keys\">\n<div class=\"grid-x grid-padding-y\">\n<div class=\"cell large-6\">\n<div class=\"article-keys-left\">\n<p><strong>\u00bfQu\u00e9 se ha dicho?<\/strong><\/p>\n<p>La islamitzaci\u00f3 de Catalunya creix a un ritme imparable.<\/p>\n<\/div>\n<\/div>\n<div class=\"cell large-6\">\n<div class=\"article-keys-right\">\n<p><strong>\u00bfQu\u00e9 sabemos?<\/strong><\/p>\n<p>El n\u00famero de creyentes musulmanes en Catalu\u00f1a ha crecido en los \u00faltimos a\u00f1os, pero lo otras religiones minoritarias tambi\u00e9n. Adem\u00e1s, la Constituci\u00f3n garantiza que no se puede imponer la ley isl\u00e1mica en el estado espa\u00f1ol.<\/p>\n<\/div>\n<\/div>\n<\/div>\n<div class=\"article-keys-bottom\">\n<div class=\"grid-x\">\n<div class=\"cell small-2 large-1\"><img decoding=\"async\" class=\"logo\" src=\"\/wp-content\/uploads\/wpallimport\/files\/img\/common\/verificat-short@2x.png\" alt=\"Verificat.cat\" width=\"24\" height=\"24\" \/><\/div>\n<div class=\"cell small-10 large-5\"><a href=\"#\">Comparte esta verificaci\u00f3n:<\/a><\/div>\n<div class=\"cell large-4\">\n<div class=\"menu-social\"><a href=\"https:\/\/twitter.com\/intent\/tweet?text=Los datos y la ley no avalan la supuesta \u201cislamizaci\u00f3n\u201d de que habla Vox&amp;url=\/fact-check\/los-datos-y-la-ley-no-avalan-la-supuesta-islamizacion-de-que-habla-vox\" target=\"_blank\" rel=\"noopener\"><br \/>\n<img decoding=\"async\" src=\"\/wp-content\/uploads\/wpallimport\/files\/img\/common\/icon_twitter_blue.svg\" alt=\"twitter\" width=\"24\" height=\"24\" \/><br \/>\n<\/a><br \/>\n<a title=\"Facebook\" href=\"https:\/\/www.facebook.com\/dialog\/share?app_id=2321917788023696&amp;href=\/fact-check\/los-datos-y-la-ley-no-avalan-la-supuesta-islamizacion-de-que-habla-vox\" target=\"_blank\" rel=\"noopener\"><br \/>\n<img decoding=\"async\" src=\"\/wp-content\/uploads\/wpallimport\/files\/img\/common\/icon_facebook_blue.svg\" alt=\"facebook\" width=\"24\" height=\"24\" \/><br \/>\n<\/a><br \/>\n<a class=\"mobiletablet\" href=\"whatsapp:\/\/send?text=\/fact-check\/Los datos y la ley no avalan la supuesta \u201cislamizaci\u00f3n\u201d de que habla Vox\" data-action=\"share\/whatsapp\/share\"><br \/>\n<img decoding=\"async\" src=\"\/wp-content\/uploads\/wpallimport\/files\/img\/common\/icon_whatsapp_blue.svg\" alt=\"whatsapp\" width=\"24\" height=\"24\" \/><br \/>\n<\/a><\/div>\n<\/div>\n<div class=\"cell large-6\"><a href=\"\/es\/metodologia\">Conoce nuestra metodolog\u00eda<\/a><\/div>\n<\/div>\n<\/div>\n<\/div>\n<p>El presidente del grupo parlamentario de Vox en Catalu\u00f1a, Ignacio Garriga, afirm\u00f3 en el <a href=\"http:\/\/www.youtube.com\/watch?t=1866&amp;v=HZ5sTdA1nyY&amp;feature=youtu.be\" target=\"_blank\" rel=\"noopener\">pleno del 3 de febrero<\/a> que la \u201cislamizaci\u00f3n de Catalu\u00f1a crece a un ritmo imparable\u201d. No hay una manera clara de cuantificar el concepto de islamizaci\u00f3n, pero diferentes indicadores muestran que la religi\u00f3n musulmana no ha aumentado m\u00e1s que otras religiones presentes en Catalu\u00f1a y los expertos apuntan que la ley isl\u00e1mica no se puede imponer en el estado espa\u00f1ol.<\/p>\n<blockquote><p>\u00abLa islamizaci\u00f3n de Catalu\u00f1a crece a un ritmo imparable y la persecuci\u00f3n de los que se oponen a este mismo proceso ya es irreversible\u00bb<\/p>\n<p style=\"text-align: right;\">Ignacio Garriga, Vox<\/p>\n<\/blockquote>\n<p>No es la primera vez que Ignacio Garriga hace referencia a la \u201cislamizaci\u00f3n\u201d de Catalu\u00f1a. De hecho, durante la campa\u00f1a de las elecciones auton\u00f3micas del 2021, Vox ya viraliz\u00f3 un video que llevaba por t\u00edtulo \u201cStop Islamizaci\u00f3n\u201d. En aquella ocasi\u00f3n, en el <a href=\"http:\/\/www.youtube.com\/watch?v=UePtCPrapF4&amp;t=2120s\" target=\"_blank\" rel=\"noopener\">debate electoral de <em>La Vanguardia<\/em><\/a>, Garriga present\u00f3 la \u201cislamizaci\u00f3n\u201d como uno de los principales problemas de los catalanes, <a href=\"http:\/\/https:\/\/www.verificat.cat\/es\/fact-check\/el-debate-electoral-de-la-vanguardia-verificado\">cuando verificamos que no era as\u00ed<\/a>, puesto que en aquel momento, seg\u00fan el <a href=\"http:\/\/www.cis.es\/cis\/export\/sites\/default\/-Archivos\/Marginales\/3300_3319\/3300\/es3300mar_Cataluxa.pdf\" target=\"_blank\" rel=\"noopener\">bar\u00f3metro del Centro de Estudios de Opini\u00f3n<\/a>, el que m\u00e1s preocupaba a los catalanes era la sanidad, la insatisfacci\u00f3n pol\u00edtica y las relaciones entre Catalu\u00f1a y Espa\u00f1a.<\/p>\n<h3>\u00bfQu\u00e9 quiere decir islamizar?<\/h3>\n<p>Seg\u00fan el diccionario del <a href=\"http:\/\/dlc.iec.cat\/Results?IdE=0023835&amp;DecEntradaText=islamitzar&amp;AllInfoMorf=False&amp;OperEntrada=0&amp;OperDef=0&amp;OperEx=0&amp;OperSubEntrada=0&amp;OperAreaTematica=0&amp;InfoMorfType=0&amp;OperCatGram=False&amp;AccentSen=False&amp;CurrentPage=0&amp;refineSearch=0&amp;Actualitzacions=False\" target=\"_blank\" rel=\"noopener\">Instituto de Estudios Catalanes<\/a> \u201cislamizaci\u00f3n\u201d viene de \u201dislamizar\u201d, que puede tener tres significados: convertir al islam, adoptar la religi\u00f3n, las costumbres y la cultura isl\u00e1micos o aplicar la ley isl\u00e1mica. Avi Astor, doctor en Sociolog\u00eda y profesor de la Universitat Aut\u00f2noma de Barcelona, explica a Verificado que cuando se habla de islamizaci\u00f3n no se habla \u00fanicamente en un sentido num\u00e9rico, sino de una <strong>voluntad \u201cde imponer la shar\u00eda (ley isl\u00e1mica) o los cimientos isl\u00e1micos\u201d en una regi\u00f3n determinada, un hecho que \u201cen Catalu\u00f1a no est\u00e1 pasando<\/strong>\u201d. As\u00ed tambi\u00e9n lo confirma el profesor de Derecho Constitucional de la Universitat de Barcelona, David Moya, que dice que \u201c<strong>no podemos hablar de islamizaci\u00f3n en el \u00e1mbito p\u00fablico<\/strong>\u201d porque la constituci\u00f3n y el estado de derecho regulan muy bien cu\u00e1les son los muy limitados \u00e1mbitos en los cuales la religi\u00f3n puede condicionar la actuaci\u00f3n de los poderes p\u00fablicos, e incluso en el espacio privativo de los ciudadanos -ni siquiera de los fieles de esta religi\u00f3n- las normas religiosas tienen un espacio muy restringido para imponer obligaciones jur\u00eddicas. Hemos preguntado al grupo parlamentario de Vox a que se refer\u00eda su presidente en esta ocasi\u00f3n al decir \u201cislamizaci\u00f3n\u201d, pero en el momento de publicar esta verificaci\u00f3n no hemos obtenido respuesta.<\/p>\n<p>En Europa \u201cgran parte de las migraciones han estado de musulmanes\u201d y esto hace que la \u201c<strong>religi\u00f3n hist\u00f3ricamente haya sido un marcador de diferencias sociales y culturales<\/strong>\u201d, a diferencia de los Estados Unidos, recae sobre los aspectos raciales, seg\u00fan explica Avi Astor. Sin embargo, el experto afirma que \u201cel crecimiento en s\u00ed mismo no quiere decir que las libertades y la cultura europea est\u00e9n en peligro\u201d.<\/p>\n<h3>Alrededor de un 5% de la poblaci\u00f3n<\/h3>\n<p>\u00abEs <strong>dif\u00edcil saber cu\u00e1nta gente se adscribe a las diferentes tradiciones religiosas con implantaci\u00f3n en el pa\u00eds<\/strong>\u00ab, seg\u00fan explica a Verificat el t\u00e9cnico de la Direcci\u00f3n General de Asuntos Religiosos, Agust\u00ed Iglesias, porque que no hay ning\u00fan censo oficial de creencias religiosas y adem\u00e1s este no puede existir de acuerdo con el <a href=\"https:\/\/www.boe.es\/buscar\/act.php?id=BOE-A-1978-31229#a16\" target=\"_blank\" rel=\"noopener\">art\u00edculo 16<\/a> de la Constituci\u00f3n espa\u00f1ola.<\/p>\n<p>Hay diferentes encuestas, pero, que aproximan cu\u00e1l puede ser la cifra. Las personas que identifican el islam como su religi\u00f3n han disminuido 3 puntos (de 7,3% a 4,3%) entre 2014 y 2020, mientras que las que se identifican con con la religi\u00f3n cat\u00f3lica han aumentado un 0,6 (de 52,4% a 53%), seg\u00fan el <a href=\"http:\/\/afersreligiosos.gencat.cat\/web\/.content\/04_diversitat-religiosa\/barometre\/Informe-de-resultats.pdf#page=25\" target=\"_blank\" rel=\"noopener\">bar\u00f3metro espec\u00edfico que hace el\u00a0CEO<\/a>\u00a0sobre esta cuesti\u00f3n desde 2014, que pregunta a mayores de 16 a\u00f1os independientemente de su nacionalidad. El 2020, por lo tanto, el 4,3% de la poblaci\u00f3n encuestada en Catalu\u00f1a se identificaba con el islam.<\/p>\n<p>Seg\u00fan otra encuesta publicada por el\u00a0CEO, la <a href=\"http:\/\/upceo.ceo.gencat.cat\/wsceop\/8708\/Taules%20estad%C3%ADstiques_1048.pdf#page=62\" target=\"_blank\" rel=\"noopener\">encuesta sociopol\u00edtica de 2022<\/a>, el 5,6% de las personas identificaba el islam como su religi\u00f3n. Adem\u00e1s, otras entidades apuntan a que la cifra podr\u00eda ser algo m\u00e1s elevada. Seg\u00fan el\u00a0<a href=\"http:\/\/observatorio.hispanomuslim.es\/estademograf.pdf\" target=\"_blank\" rel=\"noopener\">Estudio Demogr\u00e1fico de la Poblaci\u00f3n Musulmana<\/a> en\u00a02022\u00a0hab\u00eda\u00a0641.101 musulmanes, el que representar\u00eda el 8,1% de la poblaci\u00f3n de Catalu\u00f1a.\u00a0Hay que destacar que estos datos hacen referencia a una aproximaci\u00f3n estad\u00edstica que hace la Uni\u00f3n de Comunidades Isl\u00e1micas de Espa\u00f1a (UCIDE)\u00a0y el Observatorio Andalus\u00ed en funci\u00f3n del n\u00famero de personas de 29 nacionalidades de pa\u00edses que forman parte de la Organizaci\u00f3n de la Cooperaci\u00f3n Isl\u00e1mica, una entidad que \u201cprotege los intereses del mundo musulm\u00e1n y promueve la paz y armon\u00eda internacional\u201d.<\/p>\n<p>Teniendo en cuenta que todos\u00a0estos datos provienen de aproximaciones y encuestas que tienen un margen de error, Agust\u00ed Iglesias apunta que \u00abseguramente no nos equivocar\u00edamos si dij\u00e9ramos que la poblaci\u00f3n musulmana en Catalu\u00f1a <strong>est\u00e1 alrededor del 5%<\/strong>\u00ab.<\/p>\n<div class=\"flourish-embed flourish-chart\" data-src=\"visualisation\/14492620\"><script src=\"https:\/\/public.flourish.studio\/resources\/embed.js\"><\/script><\/div>\n<p>\u201cEl crecimiento m\u00e1s importante de todas las minor\u00edas religiosas fue entre finales de los a\u00f1os 90 y el 2009\u201d, coincidiendo con la crisis econ\u00f3mica, explica Astor. A pesar de que desde entonces <a href=\"http:\/\/www.ine.es\/jaxi\/Datos.htm?path=\/t20\/e245\/p08\/l0\/&amp;file=02005.px\" target=\"_blank\" rel=\"noopener\">el n\u00famero de poblaci\u00f3n extranjera ha continuado subiendo<\/a>, y esto puede haber provocado un aumentado del n\u00famero de creyentes de credos diferentes al cat\u00f3lico, Astor afirma que \u201c<strong>el islam no est\u00e1 creciendo m\u00e1s que otras religiones minoritarias y no podemos hablar de una islamizaci\u00f3n<\/strong>\u201d.<\/p>\n<p>De hecho, los musulmanes, en la l\u00ednea otras religiones, cada vez se secularizan m\u00e1s o tienen una relaci\u00f3n m\u00e1s individualizada con la religi\u00f3n, seg\u00fan apunta un <a href=\"http:\/\/www.iemed.org\/publication\/laicidad-de-los-estados-y-afirmacion-musulmana\/\" target=\"_blank\" rel=\"noopener\">art\u00edculo del IEMed<\/a> y un <a href=\"http:\/\/www.docu.vlaamserand.be\/sites\/default\/files\/2021-10\/SECUR%20Rapport%20de%20recherche%20ULB-VUB.pdf\" target=\"_blank\" rel=\"noopener\">estudio de la Universidad Libre de Bruselas<\/a>. El mismo estudio confirma que menos de un 10% de los musulmanes encuestados en B\u00e9lgica recibe alguna influencia de predicadores o l\u00edderes religiosos.<\/p>\n<h3>Un 36% de los musulmanes son espa\u00f1oles<\/h3>\n<p>Entre las 10 nacionalidades m\u00e1s presentes en Catalu\u00f1a, solo dos, Marruecos y Pakist\u00e1n, corresponden en pa\u00edses donde el islam es la religi\u00f3n mayoritaria.<\/p>\n<div class=\"flourish-embed flourish-chart\" data-src=\"visualisation\/8724988\"><script src=\"https:\/\/public.flourish.studio\/resources\/embed.js\"><\/script><\/div>\n<p>Seg\u00fan el <a href=\"http:\/\/observatorio.hispanomuslim.es\/estademograf.pdf\" target=\"_blank\" rel=\"noopener\">Estudio Demogr\u00e1fico de la Poblaci\u00f3n Musulmana<\/a> <strong>el 2020 hab\u00eda 607.363 musulmanes en Catalu\u00f1a<\/strong>, un 36% de los cuales ten\u00eda nacionalidad espa\u00f1ola y un 63% nacionalidad extranjera. Seg\u00fan el <a href=\"http:\/\/observatorio.hispanomuslim.es\/cifras.html\" target=\"_blank\" rel=\"noopener\">mismo estudio del a\u00f1o 2004<\/a> en Catalu\u00f1a hab\u00eda 163.958 musulmanes, por lo tanto, en los \u00faltimos 16 a\u00f1os el n\u00famero de creyentes del islam se ha triplicado.<\/p>\n<p>Hay que destacar que estos datos hacen referencia a una aproximaci\u00f3n estad\u00edstica que hace la <a href=\"http:\/\/ucide.org\/\" target=\"_blank\" rel=\"noopener\">Uni\u00f3n de Comunidades Isl\u00e1micas de Espa\u00f1a<\/a> (UCIDE) y el <a href=\"http:\/\/observatorio.hispanomuslim.es\/\" target=\"_blank\" rel=\"noopener\">Observatorio Andalus\u00ed<\/a> en funci\u00f3n del n\u00famero de personas de 29 nacionalidades de pa\u00edses que forman parte de la <a href=\"http:\/\/www.oic-oci.org\/page\/?p_id=52&amp;p_ref=26&amp;lan=en\" target=\"_blank\" rel=\"noopener\">Organizaci\u00f3n de la Cooperaci\u00f3n Isl\u00e1mica<\/a>, una entidad que \u201cprotege los intereses del mundo musulm\u00e1n y promueve la paz y armon\u00eda internacional\u201d.<\/p>\n<p>Sin embargo, como que no hay datos oficiales por religi\u00f3n en Espa\u00f1a ni en Catalu\u00f1a no podemos comparar este aumento de la poblaci\u00f3n musulmana con el\u00a0otras religiones. El que s\u00ed que indica un <a href=\"http:\/\/www.pewresearch.org\/global\/2019\/11\/13\/el-total-de-inmigrantes-no-autorizados-en-europa-alcanza-su-punto-maximo-en-2016-y-despues-se-estabiliza\/\" target=\"_blank\" rel=\"noopener\">estudio del Pew Research Center<\/a> es que la poblaci\u00f3n musulmana aumentar\u00e1 a Europa en los pr\u00f3ximos a\u00f1os y el 2050 podr\u00eda representar entre un 7,4% y un 14% de la poblaci\u00f3n europea, seg\u00fan las estimaciones que hace este centro.<\/p>\n<h3>Centros de culto<\/h3>\n<p>En la misma l\u00ednea que el bar\u00f3metro, despu\u00e9s de la religi\u00f3n cat\u00f3lica, que es la que aglutina el 80% de los centros de culto de Catalu\u00f1a, el evangelismo es el segundo credo con m\u00e1s centros y el cual ha experimentado un aumento m\u00e1s grande en los \u00faltimos 16 a\u00f1os: el 2020 hab\u00eda 447 iglesias protestantes\/evang\u00e9licas m\u00e1s que el 2004, un incremento del 131%. En cambio, los centros de culto isl\u00e1micos tambi\u00e9n han aumentado en este periodo, pero en menor medida. <strong>El <a href=\"http:\/\/justicia.gencat.cat\/web\/.content\/afers-religiosos\/05_estudis\/mapa_religions_catalunya\/2019\/2019_Dades_Mapa_Web.pdf\" target=\"_blank\" rel=\"noopener\">2004<\/a> hab\u00eda 139 mezquitas en Catalu\u00f1a y el 2020 eran 284, un 104% m\u00e1s<\/strong>, seg\u00fan los datos del <a href=\"http:\/\/justicia.gencat.cat\/ca\/ambits\/afers-religiosos\/estudis\/Mapa\/\" target=\"_blank\" rel=\"noopener\">mapa religioso de Catalu\u00f1a<\/a> elaborado por el departamento de justicia de la Generalitat.<\/p>\n<div class=\"flourish-embed flourish-chart\" data-src=\"visualisation\/8725038\"><script src=\"https:\/\/public.flourish.studio\/resources\/embed.js\"><\/script><\/div>\n<h3>La ley isl\u00e1mica no se puede imponer en Catalu\u00f1a<\/h3>\n<p>Desde el punto de vista jur\u00eddico decir que Espa\u00f1a o Catalu\u00f1a \u201cse est\u00e1 \u2018islamizando no tiene mucho recorrido\u201d porque el Estado es aconfesional y por tanto ninguna religi\u00f3n, ni siquiera la cat\u00f3lica, tradicional en Espa\u00f1a, e inmensamente m\u00e1s influyente en la esfera p\u00fablica y privada que cabe otra puede imponer de manera general obligaciones jur\u00eddicas a los ciudadanos, seg\u00fan explica el jurista David Moya a Verificat.<\/p>\n<p>La <a href=\"http:\/\/www.boe.es\/diario_boe\/txt.php?id=BOE-A-1978-31229#:~:text=Espa%C3%B1a%20se%20constituye%20en%20un,emanan%20los%20poderes%20del%20Estado.\" target=\"_blank\" rel=\"noopener\">Constituci\u00f3n de 1978<\/a> establece que Espa\u00f1a es un pa\u00eds aconfesional un modelo que es de aplicaci\u00f3n tambi\u00e9n en Catalu\u00f1a como ratific\u00f3 la <a href=\"http:\/\/www.gencat.cat\/eapc\/revistes\/RCDP\/Especial_STC_Estatut\/pdfs\/BOE_11409_STC_31_2010.pdf\" target=\"_blank\" rel=\"noopener\">sentencia 31\/2010<\/a> al rechazar para Catalu\u00f1a un modelo diferente fundamentado en el laicismo. Esto quiere decir que, seg\u00fan la misma constituci\u00f3n, \u201c<strong>ninguna confesi\u00f3n tendr\u00e1 car\u00e1cter estatal<\/strong>\u201d (art\u00edculo 16). Sin embargo, el mismo art\u00edculo menciona la religi\u00f3n cat\u00f3lica, la \u00fanica que sale\u00a0expl\u00edcitamente\u00a0en la constituci\u00f3n, para decir que los poderes p\u00fablicos mantendr\u00e1n las \u201crelaciones de cooperaci\u00f3n con la Iglesia cat\u00f3lica y las otras confesiones\u201d. \u201cPor un lado, existe una separaci\u00f3n de la iglesia y el estado y, por la otra, una exhortaci\u00f3n a la cooperaci\u00f3n entre instituciones y religiones\u201d, explica Moya.<\/p>\n<p>Esta cooperaci\u00f3n, establecida en los conocidos como Acuerdos de Cooperaci\u00f3n (negociados y posteriormente aprobados por una ley de Las Cortes, excepto con la cat\u00f3lica que son tratados internacionales con el Vaticano), son los que pueden abrir la puerta a que se pueda reconocer cierto espacio de acci\u00f3n de las confesiones religiosas \u00a0en Espa\u00f1a en \u00e1mbitos de actuaci\u00f3n del poder p\u00fablico donde la prestaci\u00f3n de servicios religiosos o las convicciones religiosas de los ciudadanos pueden ser relevantes (hospitalario, ej\u00e9rcito, asistencial, etc..) debajo determinadas condiciones, pero, \u201d<strong>desde el terreno jur\u00eddico no podemos decir que est\u00e1 penetrando la ley isl\u00e1mica<\/strong> simplemente porque haya un Acuerdo de Cooperaci\u00f3n con las comunidades isl\u00e1micas\u201d, confirma el profesor de Derecho Constitucional de la UB, en primer lugar, porque tambi\u00e9n hay acuerdos con otras confesiones, y porque de estos acuerdos no se deduce la aplicaci\u00f3n de la ley isl\u00e1mica solo la asistencia religiosa. De hecho, hay pocos supuestos en que una norma religiosa pueda aplicarse y disfrutar de reconocimiento al ordenamiento jur\u00eddico espa\u00f1ol, como apunta el profesor, estos pocos casos son los siguientes:<\/p>\n<ul>\n<li>Primero, cuando los convenios entre el Estado y entidades religiosas (con la <a href=\"http:\/\/www.boe.es\/buscar\/doc.php?id=BOE-A-1992-24855\" target=\"_blank\" rel=\"noopener\">religi\u00f3n isl\u00e1mica<\/a> o con <a href=\"http:\/\/www.boe.es\/buscar\/doc.php?id=BOE-A-1979-29489\" target=\"_blank\" rel=\"noopener\">la cat\u00f3lica<\/a>) contemplan que \u201clas personas que profesan una misma fe pueden escoger voluntariamente celebrar su matrimonio en forma religiosa, a la que el ordenamiento reconoce efectos civiles bajo determinadas condiciones, y tambi\u00e9n someter la decisi\u00f3n sobre su disoluci\u00f3n (nulidad matrimonial, etc.) a una jurisdicci\u00f3n voluntaria de car\u00e1cter religioso\u201d. Es decir, si alguien est\u00e1 casado por la iglesia cat\u00f3lica y quiere acabar su matrimonio por la iglesia, puede pedir la nulidad matrimonial a un tribunal eclesi\u00e1stico que resuelve de acuerdo con la normativa can\u00f3nica) en ninguna parte de pedir la nulidad o el divorcio ante un juzgado civil. Esta opci\u00f3n que se permite a la fe cat\u00f3lica de disponer de Tribunales Eclesi\u00e1sticos reconocidos por el ordenamiento jur\u00eddico civil, no existe pero para la confesi\u00f3n musulmana, pues el Acuerdo de Cooperaci\u00f3n con la Comisi\u00f3n Isl\u00e1mica de Espa\u00f1a no los contempla ni prev\u00e9. Bajo el derecho espa\u00f1ol ning\u00fan tribunal isl\u00e1mico podr\u00eda aplicar la ley isl\u00e1mica en Espa\u00f1a para resolver ning\u00fan litigio, ni invocar ning\u00fan precepto que justificara su jurisdicci\u00f3n ni siquiera sobre sus fieles.<\/li>\n<li>Otra posibilidad, bastante indirecta, para poder decir que en Espa\u00f1a o en Catalu\u00f1a se aplica la \u201cley isl\u00e1mica\u201d, es en el caso de las personas de nacionalidad extranjera, que \u201cse llevan su derecho civil cuando emigran\u201d, explica Moya. Es decir, una persona que est\u00e1 casada en el Marruecos (donde la la jurisdicci\u00f3n tiene cimientos religiosos) lo seguir\u00e1 estando en Espa\u00f1a, <strong>siempre y cuando no haya una contradicci\u00f3n con los derechos fundamentales del derecho civil espa\u00f1ol<\/strong>.\u00a0Y de hecho, existen numerosas previsiones para evitar justamente el reconocimiento de efectos civiles a la poligamia, tratamientos diferenciados entre hombres y mujeres en el acceso al divorcio, etc..<\/li>\n<\/ul>\n<p>M\u00e1s all\u00e1 de estas dos excepciones donde el derecho civil de otro pa\u00eds o el derecho religioso puede intervenir en la esfera privada, Moya confirma que \u201c<strong>no podemos hablar de islamizaci\u00f3n ni en la esfera p\u00fablica ni en la esfera privada<\/strong>\u201d.<\/p>\n","protected":false},"excerpt":{"rendered":"<p>El n\u00famero de creyentes musulmanes en Catalu\u00f1a ha crecido en los \u00faltimos a\u00f1os, pero lo otras religiones minoritarias tambi\u00e9n. Adem\u00e1s, la Constituci\u00f3n garantiza que no se puede imponer la ley isl\u00e1mica en el estado espa\u00f1ol.<\/p>\n","protected":false},"author":51,"featured_media":19872,"comment_status":"closed","ping_status":"closed","sticky":false,"template":"","format":"standard","meta":{"inline_featured_image":false,"_kad_blocks_custom_css":"","_kad_blocks_head_custom_js":"","_kad_blocks_body_custom_js":"","_kad_blocks_footer_custom_js":"","footnotes":""},"categories":[130,266,111,133],"tags":[237],"class_list":{"0":"post-58977","1":"post","2":"type-post","3":"status-publish","4":"format-standard","5":"has-post-thumbnail","6":"hentry","7":"category-migracions-verificaciones","8":"category-politica-verificaciones","9":"category-verificaciones","10":"category-vox-verificaciones","11":"tag-verificacio-es","13":"with-featured-image"},"taxonomy_info":{"category":[{"value":130,"label":"Migraciones"},{"value":266,"label":"Pol\u00edtica"},{"value":111,"label":"Verificaciones"},{"value":133,"label":"Vox"}],"post_tag":[{"value":237,"label":"verificacio"}]},"featured_image_src_large":["https:\/\/www.verificat.cat\/wp-content\/uploads\/2023\/07\/islam.png",750,446,false],"author_info":{"display_name":"Associaci\u00f3 Verificat","author_link":"https:\/\/www.verificat.cat\/es\/author\/verificat\/"},"comment_info":0,"category_info":[{"term_id":130,"name":"Migraciones","slug":"migracions-verificaciones","term_group":0,"term_taxonomy_id":130,"taxonomy":"category","description":"","parent":111,"count":151,"filter":"raw","cat_ID":130,"category_count":151,"category_description":"","cat_name":"Migraciones","category_nicename":"migracions-verificaciones","category_parent":111},{"term_id":266,"name":"Pol\u00edtica","slug":"politica-verificaciones","term_group":0,"term_taxonomy_id":266,"taxonomy":"category","description":"","parent":111,"count":417,"filter":"raw","cat_ID":266,"category_count":417,"category_description":"","cat_name":"Pol\u00edtica","category_nicename":"politica-verificaciones","category_parent":111},{"term_id":111,"name":"Verificaciones","slug":"verificaciones","term_group":0,"term_taxonomy_id":111,"taxonomy":"category","description":"","parent":0,"count":1334,"filter":"raw","cat_ID":111,"category_count":1334,"category_description":"","cat_name":"Verificaciones","category_nicename":"verificaciones","category_parent":0},{"term_id":133,"name":"Vox","slug":"vox-verificaciones","term_group":0,"term_taxonomy_id":133,"taxonomy":"category","description":"","parent":111,"count":62,"filter":"raw","cat_ID":133,"category_count":62,"category_description":"","cat_name":"Vox","category_nicename":"vox-verificaciones","category_parent":111}],"tag_info":[{"term_id":237,"name":"verificacio","slug":"verificacio-es","term_group":0,"term_taxonomy_id":237,"taxonomy":"post_tag","description":"","parent":0,"count":861,"filter":"raw"}],"_links":{"self":[{"href":"https:\/\/www.verificat.cat\/es\/wp-json\/wp\/v2\/posts\/58977","targetHints":{"allow":["GET"]}}],"collection":[{"href":"https:\/\/www.verificat.cat\/es\/wp-json\/wp\/v2\/posts"}],"about":[{"href":"https:\/\/www.verificat.cat\/es\/wp-json\/wp\/v2\/types\/post"}],"author":[{"embeddable":true,"href":"https:\/\/www.verificat.cat\/es\/wp-json\/wp\/v2\/users\/51"}],"replies":[{"embeddable":true,"href":"https:\/\/www.verificat.cat\/es\/wp-json\/wp\/v2\/comments?post=58977"}],"version-history":[{"count":0,"href":"https:\/\/www.verificat.cat\/es\/wp-json\/wp\/v2\/posts\/58977\/revisions"}],"wp:featuredmedia":[{"embeddable":true,"href":"https:\/\/www.verificat.cat\/es\/wp-json\/wp\/v2\/media\/19872"}],"wp:attachment":[{"href":"https:\/\/www.verificat.cat\/es\/wp-json\/wp\/v2\/media?parent=58977"}],"wp:term":[{"taxonomy":"category","embeddable":true,"href":"https:\/\/www.verificat.cat\/es\/wp-json\/wp\/v2\/categories?post=58977"},{"taxonomy":"post_tag","embeddable":true,"href":"https:\/\/www.verificat.cat\/es\/wp-json\/wp\/v2\/tags?post=58977"}],"curies":[{"name":"wp","href":"https:\/\/api.w.org\/{rel}","templated":true}]}}